
{"id":4566,"date":"2020-06-22T12:40:48","date_gmt":"2020-06-22T10:40:48","guid":{"rendered":"https:\/\/www.diocesidiroma.it\/sanitaria\/?p=4566"},"modified":"2020-06-22T12:48:04","modified_gmt":"2020-06-22T10:48:04","slug":"labbraccio-di-fuoco-la-trinita-vita-nella-mia-vita","status":"publish","type":"post","link":"https:\/\/www.diocesidiroma.it\/sanitaria\/index.php\/labbraccio-di-fuoco-la-trinita-vita-nella-mia-vita\/","title":{"rendered":"&#8220;L&#8217;abbraccio di fuoco. La Trinit\u00e0, Vita nella mia vita&#8221;"},"content":{"rendered":"<div class=\"_10 _51ly _3v1e uiLayer _4-hy _3qw\">\n<div class=\"_59s7\" role=\"dialog\" aria-labelledby=\"js_4tx\">\n<div class=\"_4t2a\">\n<div class=\"_51lz _4-i2 _pig _50f4\">\n<div id=\"rc.u_5u_0\" class=\"_1nby _36bx _4-u2 _4-u8\" data-test-actorid=\"1978740302364043\">\n<div class=\"_4zoz _5xv3 _4cw _4-u3\">\n<div id=\"js_4tz\" class=\"_2_lq\">\n<div class=\"_4wbt\">\n<div class=\"clearfix _ikh\">\n<div class=\"_4bl9\">\n<div class=\"_3nd0\">\n<div class=\"_1mwp navigationFocus _395 _1mwq _4c_p _5bu_ _34nd _21mu _5yk1\" role=\"presentation\">\n<div class=\"_5yk2\" tabindex=\"-1\">\n<div class=\"_5rp7\">\n<div class=\"_5rpb\">\n<div class=\"notranslate _5rpu\" role=\"textbox\" contenteditable=\"true\" spellcheck=\"false\" aria-controls=\"js_4ty\" aria-autocomplete=\"list\" aria-label=\"Scrivi qualcosa su queste foto...\" aria-multiline=\"true\">\n<div data-contents=\"true\">\n<div data-offset-key=\"effio-0-0\" data-block=\"true\" data-editor=\"33s0n\">\n<div class=\"_1mf _1mj\" data-offset-key=\"effio-0-0\"><strong>\u00a0<\/strong><\/div>\n<\/div>\n<div data-offset-key=\"fdgdf-0-0\" data-block=\"true\" data-editor=\"33s0n\">\n<div class=\"_1mf _1mj\" data-offset-key=\"fdgdf-0-0\"><strong>\u00a0Si svolger\u00e0 da marted\u00ec 7 a luned\u00ec 13 luglio 2020 il Corso di Esercizi spirituali guidati da S. Ecc.za Mons. Paolo Ricciardi.\u00a0<\/strong><\/div>\n<\/div>\n<\/div>\n<div data-offset-key=\"fdgdf-0-0\"><\/div>\n<div data-offset-key=\"fdgdf-0-0\"><img loading=\"lazy\" decoding=\"async\" class=\"alignnone size-medium wp-image-4568\" src=\"https:\/\/www.diocesidiroma.it\/sanitaria\/wp-content\/uploads\/2020\/06\/Ricciardi-249x300.jpg\" alt=\"\" width=\"249\" height=\"300\" srcset=\"https:\/\/www.diocesidiroma.it\/sanitaria\/wp-content\/uploads\/2020\/06\/Ricciardi-249x300.jpg 249w, https:\/\/www.diocesidiroma.it\/sanitaria\/wp-content\/uploads\/2020\/06\/Ricciardi.jpg 402w\" sizes=\"auto, (max-width: 249px) 100vw, 249px\" \/><\/div>\n<div data-offset-key=\"fdgdf-0-0\"><img loading=\"lazy\" decoding=\"async\" class=\"alignnone size-medium wp-image-4569\" src=\"https:\/\/www.diocesidiroma.it\/sanitaria\/wp-content\/uploads\/2020\/06\/Figlie-della-Chiesa-300x101.jpg\" alt=\"\" width=\"300\" height=\"101\" srcset=\"https:\/\/www.diocesidiroma.it\/sanitaria\/wp-content\/uploads\/2020\/06\/Figlie-della-Chiesa-300x101.jpg 300w, https:\/\/www.diocesidiroma.it\/sanitaria\/wp-content\/uploads\/2020\/06\/Figlie-della-Chiesa.jpg 664w\" sizes=\"auto, (max-width: 300px) 100vw, 300px\" \/><\/div>\n<div data-offset-key=\"fdgdf-0-0\"><\/div>\n<div data-contents=\"true\">\n<div data-offset-key=\"6fih2-0-0\" data-block=\"true\" data-editor=\"33s0n\">\n<div class=\"_1mf _1mj\" data-offset-key=\"6fih2-0-0\"><span data-offset-key=\"6fih2-0-0\">Presso la Casa di Spiritualit\u00e0 Domus Aurea delle Figlie della Chiesa<\/span><\/div>\n<\/div>\n<\/div>\n<\/div>\n<\/div>\n<\/div>\n<\/div>\n<\/div>\n<\/div>\n<\/div>\n<\/div>\n<\/div>\n<\/div>\n<\/div>\n<\/div>\n<\/div>\n<\/div>\n<\/div>\n<\/div>\n","protected":false},"excerpt":{"rendered":"\u00a0 \u00a0Si svolger\u00e0 da marted\u00ec 7 a luned\u00ec 13 luglio 2020 il Corso di Esercizi spirituali guidati da S. Ecc.za Mons. Paolo Ricciardi.\u00a0 Presso la Casa di Spiritualit\u00e0 Domus Aurea delle Figlie della Chiesa","protected":false},"author":2,"featured_media":4568,"comment_status":"closed","ping_status":"closed","sticky":false,"template":"","format":"standard","meta":{"footnotes":""},"categories":[13,21],"tags":[],"class_list":["post-4566","post","type-post","status-publish","format-standard","has-post-thumbnail","hentry","category-evidenza","category-iniziative"],"_links":{"self":[{"href":"https:\/\/www.diocesidiroma.it\/sanitaria\/index.php\/wp-json\/wp\/v2\/posts\/4566","targetHints":{"allow":["GET"]}}],"collection":[{"href":"https:\/\/www.diocesidiroma.it\/sanitaria\/index.php\/wp-json\/wp\/v2\/posts"}],"about":[{"href":"https:\/\/www.diocesidiroma.it\/sanitaria\/index.php\/wp-json\/wp\/v2\/types\/post"}],"author":[{"embeddable":true,"href":"https:\/\/www.diocesidiroma.it\/sanitaria\/index.php\/wp-json\/wp\/v2\/users\/2"}],"replies":[{"embeddable":true,"href":"https:\/\/www.diocesidiroma.it\/sanitaria\/index.php\/wp-json\/wp\/v2\/comments?post=4566"}],"version-history":[{"count":4,"href":"https:\/\/www.diocesidiroma.it\/sanitaria\/index.php\/wp-json\/wp\/v2\/posts\/4566\/revisions"}],"predecessor-version":[{"id":4576,"href":"https:\/\/www.diocesidiroma.it\/sanitaria\/index.php\/wp-json\/wp\/v2\/posts\/4566\/revisions\/4576"}],"wp:featuredmedia":[{"embeddable":true,"href":"https:\/\/www.diocesidiroma.it\/sanitaria\/index.php\/wp-json\/wp\/v2\/media\/4568"}],"wp:attachment":[{"href":"https:\/\/www.diocesidiroma.it\/sanitaria\/index.php\/wp-json\/wp\/v2\/media?parent=4566"}],"wp:term":[{"taxonomy":"category","embeddable":true,"href":"https:\/\/www.diocesidiroma.it\/sanitaria\/index.php\/wp-json\/wp\/v2\/categories?post=4566"},{"taxonomy":"post_tag","embeddable":true,"href":"https:\/\/www.diocesidiroma.it\/sanitaria\/index.php\/wp-json\/wp\/v2\/tags?post=4566"}],"curies":[{"name":"wp","href":"https:\/\/api.w.org\/{rel}","templated":true}]}}