
{"id":4770,"date":"2020-09-18T11:37:18","date_gmt":"2020-09-18T09:37:18","guid":{"rendered":"https:\/\/www.diocesidiroma.it\/sanitaria\/?p=4770"},"modified":"2020-09-18T11:42:25","modified_gmt":"2020-09-18T09:42:25","slug":"sabato-17-ottobre-santa-messa-per-i-medici-e-gli-operatori-socio-sanitari","status":"publish","type":"post","link":"https:\/\/www.diocesidiroma.it\/sanitaria\/index.php\/sabato-17-ottobre-santa-messa-per-i-medici-e-gli-operatori-socio-sanitari\/","title":{"rendered":"Sabato 17 Ottobre &#8211; Santa Messa per i Medici e gli Operatori socio-sanitari"},"content":{"rendered":"<p>Sabato 17 Ottobre alle ore 9.30,\u00a0nella Basilica di San Giovanni in Laterano, il Card. Vicario Angelo De Donatis, presieder\u00e0 la Santa Messa per tutti i Medici e gli Operatori socio-sanitari, all&#8217;inizio del nuovo anno sociale e pastorale.<\/p>\n<p>A motivo del distanziamento sociale a causa della pandemia, per la partecipazione \u00e8 necessario prenotarsi. E&#8217; possibile chiamare in Ufficio tutti i giorni dal luned\u00ec al venerd\u00ec dalle ore 8.30 alle 13 (06.69886227\/ 86414); oppure per @: segreteria.sanitaria@diocesidiroma.it;<\/p>\n<p><img loading=\"lazy\" decoding=\"async\" class=\"alignnone size-medium wp-image-4771\" src=\"https:\/\/www.diocesidiroma.it\/sanitaria\/wp-content\/uploads\/2020\/09\/Basilica-300x175.jpg\" alt=\"\" width=\"300\" height=\"175\" srcset=\"https:\/\/www.diocesidiroma.it\/sanitaria\/wp-content\/uploads\/2020\/09\/Basilica-300x175.jpg 300w, https:\/\/www.diocesidiroma.it\/sanitaria\/wp-content\/uploads\/2020\/09\/Basilica.jpg 512w\" sizes=\"auto, (max-width: 300px) 100vw, 300px\" \/><img loading=\"lazy\" decoding=\"async\" class=\"alignnone size-medium wp-image-4027\" src=\"https:\/\/www.diocesidiroma.it\/sanitaria\/wp-content\/uploads\/2020\/03\/medico_paziente-300x181.jpg\" alt=\"\" width=\"300\" height=\"181\" srcset=\"https:\/\/www.diocesidiroma.it\/sanitaria\/wp-content\/uploads\/2020\/03\/medico_paziente-300x181.jpg 300w, https:\/\/www.diocesidiroma.it\/sanitaria\/wp-content\/uploads\/2020\/03\/medico_paziente-768x463.jpg 768w, https:\/\/www.diocesidiroma.it\/sanitaria\/wp-content\/uploads\/2020\/03\/medico_paziente.jpg 780w\" sizes=\"auto, (max-width: 300px) 100vw, 300px\" \/><\/p>\n","protected":false},"excerpt":{"rendered":"Sabato 17 Ottobre alle ore 9.30,\u00a0nella Basilica di San Giovanni in Laterano, il Card. Vicario Angelo De Donatis, presieder\u00e0 la Santa Messa per tutti i Medici e gli Operatori socio-sanitari, all&#8217;inizio del nuovo anno sociale e pastorale. A motivo del distanziamento sociale a causa della pandemia, per la partecipazione \u00e8 necessario prenotarsi. E&#8217; possibile chiamare [&hellip;]","protected":false},"author":2,"featured_media":4027,"comment_status":"closed","ping_status":"closed","sticky":false,"template":"","format":"standard","meta":{"footnotes":""},"categories":[51],"tags":[],"class_list":["post-4770","post","type-post","status-publish","format-standard","has-post-thumbnail","hentry","category-box"],"_links":{"self":[{"href":"https:\/\/www.diocesidiroma.it\/sanitaria\/index.php\/wp-json\/wp\/v2\/posts\/4770","targetHints":{"allow":["GET"]}}],"collection":[{"href":"https:\/\/www.diocesidiroma.it\/sanitaria\/index.php\/wp-json\/wp\/v2\/posts"}],"about":[{"href":"https:\/\/www.diocesidiroma.it\/sanitaria\/index.php\/wp-json\/wp\/v2\/types\/post"}],"author":[{"embeddable":true,"href":"https:\/\/www.diocesidiroma.it\/sanitaria\/index.php\/wp-json\/wp\/v2\/users\/2"}],"replies":[{"embeddable":true,"href":"https:\/\/www.diocesidiroma.it\/sanitaria\/index.php\/wp-json\/wp\/v2\/comments?post=4770"}],"version-history":[{"count":3,"href":"https:\/\/www.diocesidiroma.it\/sanitaria\/index.php\/wp-json\/wp\/v2\/posts\/4770\/revisions"}],"predecessor-version":[{"id":4775,"href":"https:\/\/www.diocesidiroma.it\/sanitaria\/index.php\/wp-json\/wp\/v2\/posts\/4770\/revisions\/4775"}],"wp:featuredmedia":[{"embeddable":true,"href":"https:\/\/www.diocesidiroma.it\/sanitaria\/index.php\/wp-json\/wp\/v2\/media\/4027"}],"wp:attachment":[{"href":"https:\/\/www.diocesidiroma.it\/sanitaria\/index.php\/wp-json\/wp\/v2\/media?parent=4770"}],"wp:term":[{"taxonomy":"category","embeddable":true,"href":"https:\/\/www.diocesidiroma.it\/sanitaria\/index.php\/wp-json\/wp\/v2\/categories?post=4770"},{"taxonomy":"post_tag","embeddable":true,"href":"https:\/\/www.diocesidiroma.it\/sanitaria\/index.php\/wp-json\/wp\/v2\/tags?post=4770"}],"curies":[{"name":"wp","href":"https:\/\/api.w.org\/{rel}","templated":true}]}}