
{"id":4785,"date":"2020-09-23T11:27:59","date_gmt":"2020-09-23T09:27:59","guid":{"rendered":"https:\/\/www.diocesidiroma.it\/sanitaria\/?p=4785"},"modified":"2020-09-23T11:27:59","modified_gmt":"2020-09-23T09:27:59","slug":"chi-semina-raccoglie","status":"publish","type":"post","link":"https:\/\/www.diocesidiroma.it\/sanitaria\/index.php\/chi-semina-raccoglie\/","title":{"rendered":"Chi semina raccoglie"},"content":{"rendered":"<p>La semina \u00e8 fondamentale per poter raccogliere dei frutti, pi\u00f9 si \u00e8 generosi nella semina pi\u00f9 il frutto \u00e8 abbondante.<\/p>\n<p><img loading=\"lazy\" decoding=\"async\" class=\"alignnone size-medium wp-image-4786\" src=\"https:\/\/www.diocesidiroma.it\/sanitaria\/wp-content\/uploads\/2020\/09\/WhatsApp-Image-2020-09-22-at-20.48.04-300x300.jpeg\" alt=\"\" width=\"300\" height=\"300\" srcset=\"https:\/\/www.diocesidiroma.it\/sanitaria\/wp-content\/uploads\/2020\/09\/WhatsApp-Image-2020-09-22-at-20.48.04-300x300.jpeg 300w, https:\/\/www.diocesidiroma.it\/sanitaria\/wp-content\/uploads\/2020\/09\/WhatsApp-Image-2020-09-22-at-20.48.04-100x100.jpeg 100w, https:\/\/www.diocesidiroma.it\/sanitaria\/wp-content\/uploads\/2020\/09\/WhatsApp-Image-2020-09-22-at-20.48.04-768x768.jpeg 768w, https:\/\/www.diocesidiroma.it\/sanitaria\/wp-content\/uploads\/2020\/09\/WhatsApp-Image-2020-09-22-at-20.48.04-1024x1024.jpeg 1024w, https:\/\/www.diocesidiroma.it\/sanitaria\/wp-content\/uploads\/2020\/09\/WhatsApp-Image-2020-09-22-at-20.48.04-90x90.jpeg 90w, https:\/\/www.diocesidiroma.it\/sanitaria\/wp-content\/uploads\/2020\/09\/WhatsApp-Image-2020-09-22-at-20.48.04.jpeg 1080w\" sizes=\"auto, (max-width: 300px) 100vw, 300px\" \/><\/p>\n","protected":false},"excerpt":{"rendered":"La semina \u00e8 fondamentale per poter raccogliere dei frutti, pi\u00f9 si \u00e8 generosi nella semina pi\u00f9 il frutto \u00e8 abbondante.","protected":false},"author":2,"featured_media":4786,"comment_status":"closed","ping_status":"closed","sticky":false,"template":"","format":"standard","meta":{"footnotes":""},"categories":[13,35],"tags":[],"class_list":["post-4785","post","type-post","status-publish","format-standard","has-post-thumbnail","hentry","category-evidenza","category-iniziative_esterne"],"_links":{"self":[{"href":"https:\/\/www.diocesidiroma.it\/sanitaria\/index.php\/wp-json\/wp\/v2\/posts\/4785","targetHints":{"allow":["GET"]}}],"collection":[{"href":"https:\/\/www.diocesidiroma.it\/sanitaria\/index.php\/wp-json\/wp\/v2\/posts"}],"about":[{"href":"https:\/\/www.diocesidiroma.it\/sanitaria\/index.php\/wp-json\/wp\/v2\/types\/post"}],"author":[{"embeddable":true,"href":"https:\/\/www.diocesidiroma.it\/sanitaria\/index.php\/wp-json\/wp\/v2\/users\/2"}],"replies":[{"embeddable":true,"href":"https:\/\/www.diocesidiroma.it\/sanitaria\/index.php\/wp-json\/wp\/v2\/comments?post=4785"}],"version-history":[{"count":1,"href":"https:\/\/www.diocesidiroma.it\/sanitaria\/index.php\/wp-json\/wp\/v2\/posts\/4785\/revisions"}],"predecessor-version":[{"id":4787,"href":"https:\/\/www.diocesidiroma.it\/sanitaria\/index.php\/wp-json\/wp\/v2\/posts\/4785\/revisions\/4787"}],"wp:featuredmedia":[{"embeddable":true,"href":"https:\/\/www.diocesidiroma.it\/sanitaria\/index.php\/wp-json\/wp\/v2\/media\/4786"}],"wp:attachment":[{"href":"https:\/\/www.diocesidiroma.it\/sanitaria\/index.php\/wp-json\/wp\/v2\/media?parent=4785"}],"wp:term":[{"taxonomy":"category","embeddable":true,"href":"https:\/\/www.diocesidiroma.it\/sanitaria\/index.php\/wp-json\/wp\/v2\/categories?post=4785"},{"taxonomy":"post_tag","embeddable":true,"href":"https:\/\/www.diocesidiroma.it\/sanitaria\/index.php\/wp-json\/wp\/v2\/tags?post=4785"}],"curies":[{"name":"wp","href":"https:\/\/api.w.org\/{rel}","templated":true}]}}