
{"id":4882,"date":"2020-11-02T12:42:49","date_gmt":"2020-11-02T11:42:49","guid":{"rendered":"https:\/\/www.diocesidiroma.it\/sanitaria\/?p=4882"},"modified":"2020-11-02T12:43:51","modified_gmt":"2020-11-02T11:43:51","slug":"un-di-piu-di-vicinanza-incontri-di-formazione-online","status":"publish","type":"post","link":"https:\/\/www.diocesidiroma.it\/sanitaria\/index.php\/un-di-piu-di-vicinanza-incontri-di-formazione-online\/","title":{"rendered":"Un di pi\u00f9 di vicinanza &#8211; Incontri di Formazione online"},"content":{"rendered":"<p>Dopo il Corso\u00a0\u00a0<em>Un di pi\u00f9 di Misericordia<\/em>, diamo continuit\u00e0 e sviluppo al cammino di formazione intrapresa, con la proposta di <em>Un di pi\u00f9 di vicinanza<\/em>, tenendo conto della Pastorale della Salute nel contesto di pandemia che stiamo vivendo.<\/p>\n<p>Il Corso \u00e8 previsto in modalit\u00e0 online, aperto a tutti, previa iscrizione online: <a href=\"mailto:segreteria.sanita@diocesidiroma.it\">segreteria.sanita@diocesidiroma.it<\/a> . Agli iscritti sar\u00e0 inviato il link per il collegamento.<\/p>\n<p>Per ulteriori informazioni potete sempre contattare dalle 9 alle 13, telefonando al 06.698886227\/ 86414, oppure inviare email.<\/p>\n<p><img loading=\"lazy\" decoding=\"async\" class=\"alignnone wp-image-4883\" src=\"https:\/\/www.diocesidiroma.it\/sanitaria\/wp-content\/uploads\/2020\/11\/Locandina-212x300.jpg\" alt=\"\" width=\"245\" height=\"347\" srcset=\"https:\/\/www.diocesidiroma.it\/sanitaria\/wp-content\/uploads\/2020\/11\/Locandina-212x300.jpg 212w, https:\/\/www.diocesidiroma.it\/sanitaria\/wp-content\/uploads\/2020\/11\/Locandina-768x1086.jpg 768w, https:\/\/www.diocesidiroma.it\/sanitaria\/wp-content\/uploads\/2020\/11\/Locandina-724x1024.jpg 724w, https:\/\/www.diocesidiroma.it\/sanitaria\/wp-content\/uploads\/2020\/11\/Locandina.jpg 1240w\" sizes=\"auto, (max-width: 245px) 100vw, 245px\" \/><\/p>\n","protected":false},"excerpt":{"rendered":"Dopo il Corso\u00a0\u00a0Un di pi\u00f9 di Misericordia, diamo continuit\u00e0 e sviluppo al cammino di formazione intrapresa, con la proposta di Un di pi\u00f9 di vicinanza, tenendo conto della Pastorale della Salute nel contesto di pandemia che stiamo vivendo. Il Corso \u00e8 previsto in modalit\u00e0 online, aperto a tutti, previa iscrizione online: segreteria.sanita@diocesidiroma.it . Agli iscritti [&hellip;]","protected":false},"author":2,"featured_media":4883,"comment_status":"closed","ping_status":"closed","sticky":false,"template":"","format":"standard","meta":{"footnotes":""},"categories":[51],"tags":[],"class_list":["post-4882","post","type-post","status-publish","format-standard","has-post-thumbnail","hentry","category-box"],"_links":{"self":[{"href":"https:\/\/www.diocesidiroma.it\/sanitaria\/index.php\/wp-json\/wp\/v2\/posts\/4882","targetHints":{"allow":["GET"]}}],"collection":[{"href":"https:\/\/www.diocesidiroma.it\/sanitaria\/index.php\/wp-json\/wp\/v2\/posts"}],"about":[{"href":"https:\/\/www.diocesidiroma.it\/sanitaria\/index.php\/wp-json\/wp\/v2\/types\/post"}],"author":[{"embeddable":true,"href":"https:\/\/www.diocesidiroma.it\/sanitaria\/index.php\/wp-json\/wp\/v2\/users\/2"}],"replies":[{"embeddable":true,"href":"https:\/\/www.diocesidiroma.it\/sanitaria\/index.php\/wp-json\/wp\/v2\/comments?post=4882"}],"version-history":[{"count":3,"href":"https:\/\/www.diocesidiroma.it\/sanitaria\/index.php\/wp-json\/wp\/v2\/posts\/4882\/revisions"}],"predecessor-version":[{"id":4886,"href":"https:\/\/www.diocesidiroma.it\/sanitaria\/index.php\/wp-json\/wp\/v2\/posts\/4882\/revisions\/4886"}],"wp:featuredmedia":[{"embeddable":true,"href":"https:\/\/www.diocesidiroma.it\/sanitaria\/index.php\/wp-json\/wp\/v2\/media\/4883"}],"wp:attachment":[{"href":"https:\/\/www.diocesidiroma.it\/sanitaria\/index.php\/wp-json\/wp\/v2\/media?parent=4882"}],"wp:term":[{"taxonomy":"category","embeddable":true,"href":"https:\/\/www.diocesidiroma.it\/sanitaria\/index.php\/wp-json\/wp\/v2\/categories?post=4882"},{"taxonomy":"post_tag","embeddable":true,"href":"https:\/\/www.diocesidiroma.it\/sanitaria\/index.php\/wp-json\/wp\/v2\/tags?post=4882"}],"curies":[{"name":"wp","href":"https:\/\/api.w.org\/{rel}","templated":true}]}}