
{"id":4944,"date":"2020-11-30T06:29:53","date_gmt":"2020-11-30T05:29:53","guid":{"rendered":"https:\/\/www.diocesidiroma.it\/sanitaria\/?p=4944"},"modified":"2020-11-26T12:37:05","modified_gmt":"2020-11-26T11:37:05","slug":"lunedi-della-prima-settimana-di-avvento-30-novembre-2020","status":"publish","type":"post","link":"https:\/\/www.diocesidiroma.it\/sanitaria\/index.php\/lunedi-della-prima-settimana-di-avvento-30-novembre-2020\/","title":{"rendered":"Luned\u00ec della Prima Settimana di Avvento &#8211; 30 Novembre 2020"},"content":{"rendered":"<p><strong>30 novembre: <\/strong><em>Don Pasquale e don Giuseppe<\/em><strong> \u2013 <\/strong>Ospedale S. Andrea<\/p>\n<p><strong>Sant\u2019Andrea &#8211; Luned\u00ec della prima settimana di Avvento <\/strong><\/p>\n<p>Rom 10,9-18;\u00a0Sal 18;\u00a0Mt 4,18-22<\/p>\n<p>&nbsp;<\/p>\n<p><em>In quel tempo, mentre camminava lungo il mare di Galilea, Ges\u00f9 vide due fratelli, Simone, chiamato Pietro, e Andrea suo fratello, che gettavano le reti in mare; erano infatti pescatori. E disse loro: \u00abVenite dietro a me, vi far\u00f2 pescatori di uomini\u00bb. Ed essi subito lasciarono le reti e lo seguirono. Andando oltre, vide altri due fratelli, Giacomo, figlio di Zebed\u00e8o e Giovanni suo fratello, che nella barca, insieme a Zebed\u00e8o loro padre, riparavano le loro reti, e li chiam\u00f2. Ed essi subito lasciarono la barca e il loro padre e lo seguirono.\u00a0\u00a0<\/em><\/p>\n<p><strong>\u00a0<\/strong><\/p>\n<p>La festa dell\u2019apostolo Andrea, fratello di San Pietro, ci ripresenta il Vg di Mt 4, 18-22 testo che anche quest\u2019anno ci propone uno sguardo particolare su quanto viviamo come cappellani sanitari e su noi stessi.<\/p>\n<p>A ben guardarlo infatti il Signore Ges\u00f9, attraverso questo testo, parla a noi e di noi.<\/p>\n<p>Anzitutto ogni volta che ritroviamo un racconto di vocazione alla sequela speciale di Ges\u00f9, come non re-imprimere nel cuore la realt\u00e0 della nostra chiamata: in ogni vocazione possiamo riconoscere almeno per qualche aspetto la nostra personale vocazione: un\u2019occasione per gustare la presenza di Dio, quel Regno che Ges\u00f9 stesso annuncia proprio in questo brano di Vangelo, nella nostra persona, nel nostro presente e nella nostra storia.<\/p>\n<p>In Matteo Ges\u00f9 inizia la Sua missione pubblica dalla Galilea, terra fiorente per l\u2019economia e i commerci ma periferica, specie rispetto alla Giudea e alla sua capitale. Terra ancor pi\u00f9 povera sotto il profilo religioso: Ges\u00f9 parte proprio da qui per annunciare il Dio presente e agente come Lui stesso manifesta, col Suo insegnamento e i Suoi gesti miracolosi di guarigione. Ancora una volta, una presenza di Dio detta e realizzata, la Parola di Dio in Ges\u00f9 che compie quel che dice: la Presenza! O meglio la vicinanza: ci sembra di vederla questa scena se ce la immaginiamo: Ges\u00f9 per chiamare i primi apostoli Si avvicina loro, non solo fisicamente, ma con un appello-invito talmente forte che viene prontamente seguito: Subito, scrive Matteo, lasciarono le reti.<\/p>\n<p>E ancora una volta i Vangeli ci soffermano su un elemento fondamentale: il fattore tempo! Ges\u00f9 chiama i discepoli nel loro quotidiano e perch\u00e9 il discepolo Gli stia dietro, ogni giorno come anche noi, siamo chiamati a seguirLo: nel ministero, nei nostri luoghi, nelle persone che incontriamo.<\/p>\n<p>Noi pur con i nostri limiti e difetti: ma Ges\u00f9 stesso non ha scelto scribi e dottori della legge: uomini semplici, anonimi: pescatori!!<\/p>\n<p>Ancora due considerazioni ci toccano altrettanto da vicino: i nostri luoghi di cura nei quali siamo pastoralmente impegnati, come somigliano alla Galilea dei tempi di Ges\u00f9! Sono veri e propri \u201cporti di mare\u201d gli ospedali, con la loro frenesia, il caos, le tante e cos\u00ec diverse persone, ognuna con la propria realt\u00e0, ognuno, ogni malato coi propri problemi, a volte tragedie di salute!<\/p>\n<p>E noi? Noi il Signore ci chiama, ancora una volta e sempre a ritentare la pesca, gettando la rete dall\u2019altro lato della barca, cio\u00e8 con metodi sempre da rinnovare e non di notte come si pesca normalmente ma di giorno, cio\u00e8 tentando e ritentando, finch\u00e9 il pescato-apostolato non dipende tutto, interamente e solamente, dalla presenza del Signore in noi e non pi\u00f9 dai nostri pensieri, schemi, idee, abitudini: e questo per noi, \u00e8 difficile! Adottare i metodi di Cristo, per noi a volte, \u00e8 difficile!<\/p>\n<p>Gi\u00e0, pescare. Un\u2019immagine molto bella per noi abituati principalmente alla figura del pastore e del recinto. Ma sta a noi ingegnarci cosa mettere all\u2019amo, pescare gli uomini e le donne di oggi intercettando i loro veri e profondi bisogni, partendo da loro, non da noi.<\/p>\n<p>Uno di questi bisogni, il pi\u00f9 grande, ce lo dice il Vangelo: il Dio presente e agente, specie nella malattia, specie nel letto in reparto, specie nel proprio ospedale che spesso \u00e8 mal tollerato per mille motivi. Ma Dio sta, sta, anche qua! Ci sta ogni giorno. Sta a noi imitarLo, anche in questo.<\/p>\n<p>\u201cSeguitemi, vi far\u00f2 pescatori di uomini\u201d.<\/p>\n<p><strong>\u00a0<\/strong><img loading=\"lazy\" decoding=\"async\" class=\"alignnone size-medium wp-image-4945\" src=\"https:\/\/www.diocesidiroma.it\/sanitaria\/wp-content\/uploads\/2020\/11\/GESU-RETI-1200x720-300x180.jpg\" alt=\"\" width=\"300\" height=\"180\" srcset=\"https:\/\/www.diocesidiroma.it\/sanitaria\/wp-content\/uploads\/2020\/11\/GESU-RETI-1200x720-300x180.jpg 300w, https:\/\/www.diocesidiroma.it\/sanitaria\/wp-content\/uploads\/2020\/11\/GESU-RETI-1200x720-768x461.jpg 768w, https:\/\/www.diocesidiroma.it\/sanitaria\/wp-content\/uploads\/2020\/11\/GESU-RETI-1200x720-1024x614.jpg 1024w, https:\/\/www.diocesidiroma.it\/sanitaria\/wp-content\/uploads\/2020\/11\/GESU-RETI-1200x720.jpg 1200w\" sizes=\"auto, (max-width: 300px) 100vw, 300px\" \/><\/p>\n","protected":false},"excerpt":{"rendered":"30 novembre: Don Pasquale e don Giuseppe \u2013 Ospedale S. Andrea Sant\u2019Andrea &#8211; Luned\u00ec della prima settimana di Avvento Rom 10,9-18;\u00a0Sal 18;\u00a0Mt 4,18-22 &nbsp; In quel tempo, mentre camminava lungo il mare di Galilea, Ges\u00f9 vide due fratelli, Simone, chiamato Pietro, e Andrea suo fratello, che gettavano le reti in mare; erano infatti pescatori. E [&hellip;]","protected":false},"author":2,"featured_media":4945,"comment_status":"closed","ping_status":"closed","sticky":false,"template":"","format":"standard","meta":{"footnotes":""},"categories":[13,45],"tags":[],"class_list":["post-4944","post","type-post","status-publish","format-standard","has-post-thumbnail","hentry","category-evidenza","category-iniziative_pastorali"],"_links":{"self":[{"href":"https:\/\/www.diocesidiroma.it\/sanitaria\/index.php\/wp-json\/wp\/v2\/posts\/4944","targetHints":{"allow":["GET"]}}],"collection":[{"href":"https:\/\/www.diocesidiroma.it\/sanitaria\/index.php\/wp-json\/wp\/v2\/posts"}],"about":[{"href":"https:\/\/www.diocesidiroma.it\/sanitaria\/index.php\/wp-json\/wp\/v2\/types\/post"}],"author":[{"embeddable":true,"href":"https:\/\/www.diocesidiroma.it\/sanitaria\/index.php\/wp-json\/wp\/v2\/users\/2"}],"replies":[{"embeddable":true,"href":"https:\/\/www.diocesidiroma.it\/sanitaria\/index.php\/wp-json\/wp\/v2\/comments?post=4944"}],"version-history":[{"count":1,"href":"https:\/\/www.diocesidiroma.it\/sanitaria\/index.php\/wp-json\/wp\/v2\/posts\/4944\/revisions"}],"predecessor-version":[{"id":4946,"href":"https:\/\/www.diocesidiroma.it\/sanitaria\/index.php\/wp-json\/wp\/v2\/posts\/4944\/revisions\/4946"}],"wp:featuredmedia":[{"embeddable":true,"href":"https:\/\/www.diocesidiroma.it\/sanitaria\/index.php\/wp-json\/wp\/v2\/media\/4945"}],"wp:attachment":[{"href":"https:\/\/www.diocesidiroma.it\/sanitaria\/index.php\/wp-json\/wp\/v2\/media?parent=4944"}],"wp:term":[{"taxonomy":"category","embeddable":true,"href":"https:\/\/www.diocesidiroma.it\/sanitaria\/index.php\/wp-json\/wp\/v2\/categories?post=4944"},{"taxonomy":"post_tag","embeddable":true,"href":"https:\/\/www.diocesidiroma.it\/sanitaria\/index.php\/wp-json\/wp\/v2\/tags?post=4944"}],"curies":[{"name":"wp","href":"https:\/\/api.w.org\/{rel}","templated":true}]}}