
{"id":4980,"date":"2020-12-09T11:54:33","date_gmt":"2020-12-09T10:54:33","guid":{"rendered":"https:\/\/www.diocesidiroma.it\/sanitaria\/?p=4980"},"modified":"2020-12-09T12:08:00","modified_gmt":"2020-12-09T11:08:00","slug":"venerdi-11-dicembre-2020-giornata-mensile-del-malato","status":"publish","type":"post","link":"https:\/\/www.diocesidiroma.it\/sanitaria\/index.php\/venerdi-11-dicembre-2020-giornata-mensile-del-malato\/","title":{"rendered":"Venerd\u00ec 11 Dicembre 2020 -Giornata Mensile del Malato"},"content":{"rendered":"<p>Come ogni mese, invitiamo le Comunit\u00e0 parrocchiali ed ogni Comunit\u00e0 di valorizzare la Giornata Mensile del Malato. Mons. Paolo Ricciardi sar\u00e0 presente presso la Parrocchia della Beata Vergine del Carmelo. Alle 18.00 Adorazione eucaristica e a seguire la Santa Messa<\/p>\n<p><img loading=\"lazy\" decoding=\"async\" class=\"alignnone size-medium wp-image-4878\" src=\"https:\/\/www.diocesidiroma.it\/sanitaria\/wp-content\/uploads\/2020\/10\/san-luca-medico-300x150.jpg\" alt=\"\" width=\"300\" height=\"150\" srcset=\"https:\/\/www.diocesidiroma.it\/sanitaria\/wp-content\/uploads\/2020\/10\/san-luca-medico-300x150.jpg 300w, https:\/\/www.diocesidiroma.it\/sanitaria\/wp-content\/uploads\/2020\/10\/san-luca-medico.jpg 640w\" sizes=\"auto, (max-width: 300px) 100vw, 300px\" \/><\/p>\n<iframe loading=\"lazy\" class=\"pdfjs-viewer\" width=\"800px\" height=\"600px\" src=\"https:\/\/www.diocesidiroma.it\/sanitaria\/wp-content\/plugins\/pdf-viewer\/stable\/web\/viewer.html?file=https:\/\/www.diocesidiroma.it\/sanitaria\/wp-content\/uploads\/2020\/12\/Adorazione.pdf\"><\/iframe> \n","protected":false},"excerpt":{"rendered":"Come ogni mese, invitiamo le Comunit\u00e0 parrocchiali ed ogni Comunit\u00e0 di valorizzare la Giornata Mensile del Malato. Mons. Paolo Ricciardi sar\u00e0 presente presso la Parrocchia della Beata Vergine del Carmelo. Alle 18.00 Adorazione eucaristica e a seguire la Santa Messa","protected":false},"author":2,"featured_media":4878,"comment_status":"closed","ping_status":"closed","sticky":false,"template":"","format":"standard","meta":{"footnotes":""},"categories":[51],"tags":[],"class_list":["post-4980","post","type-post","status-publish","format-standard","has-post-thumbnail","hentry","category-box"],"_links":{"self":[{"href":"https:\/\/www.diocesidiroma.it\/sanitaria\/index.php\/wp-json\/wp\/v2\/posts\/4980","targetHints":{"allow":["GET"]}}],"collection":[{"href":"https:\/\/www.diocesidiroma.it\/sanitaria\/index.php\/wp-json\/wp\/v2\/posts"}],"about":[{"href":"https:\/\/www.diocesidiroma.it\/sanitaria\/index.php\/wp-json\/wp\/v2\/types\/post"}],"author":[{"embeddable":true,"href":"https:\/\/www.diocesidiroma.it\/sanitaria\/index.php\/wp-json\/wp\/v2\/users\/2"}],"replies":[{"embeddable":true,"href":"https:\/\/www.diocesidiroma.it\/sanitaria\/index.php\/wp-json\/wp\/v2\/comments?post=4980"}],"version-history":[{"count":4,"href":"https:\/\/www.diocesidiroma.it\/sanitaria\/index.php\/wp-json\/wp\/v2\/posts\/4980\/revisions"}],"predecessor-version":[{"id":4986,"href":"https:\/\/www.diocesidiroma.it\/sanitaria\/index.php\/wp-json\/wp\/v2\/posts\/4980\/revisions\/4986"}],"wp:featuredmedia":[{"embeddable":true,"href":"https:\/\/www.diocesidiroma.it\/sanitaria\/index.php\/wp-json\/wp\/v2\/media\/4878"}],"wp:attachment":[{"href":"https:\/\/www.diocesidiroma.it\/sanitaria\/index.php\/wp-json\/wp\/v2\/media?parent=4980"}],"wp:term":[{"taxonomy":"category","embeddable":true,"href":"https:\/\/www.diocesidiroma.it\/sanitaria\/index.php\/wp-json\/wp\/v2\/categories?post=4980"},{"taxonomy":"post_tag","embeddable":true,"href":"https:\/\/www.diocesidiroma.it\/sanitaria\/index.php\/wp-json\/wp\/v2\/tags?post=4980"}],"curies":[{"name":"wp","href":"https:\/\/api.w.org\/{rel}","templated":true}]}}