
{"id":5013,"date":"2020-12-23T09:48:33","date_gmt":"2020-12-23T08:48:33","guid":{"rendered":"https:\/\/www.diocesidiroma.it\/sanitaria\/?p=5013"},"modified":"2020-12-23T09:51:50","modified_gmt":"2020-12-23T08:51:50","slug":"domani-domani-domani-domani","status":"publish","type":"post","link":"https:\/\/www.diocesidiroma.it\/sanitaria\/index.php\/domani-domani-domani-domani\/","title":{"rendered":"\u201cdomani, domani, domani, domani\u2026\u201d"},"content":{"rendered":"<div class=\"siv-maincontainer roundwrapper\">\n<div id=\"corpo\" class=\"siv-innercontainer rounded\">\n<div class=\"documento\">\n<div class=\"testo\">\n<div class=\"text parbase vaticanrichtext\">\n<p>Quante volte \u2013 pensiamo a noi adesso \u2013 quante volte la nostra vita \u00e8 fatta di rinvii, anche la vita spirituale! Per esempio: so che mi fa bene pregare, ma oggi non ho tempo\u2026 \u201cdomani, domani, domani, domani\u2026\u201d rinviamo le cose: lo far\u00f2 domani; so che aiutare qualcuno \u00e8 importante \u2013 s\u00ec, devo farlo: lo far\u00f2 domani. \u00c8 la stessa catena dei domani\u2026Rinviare le cose. Oggi, alle porte del Natale, Maria ci invita a non rimandare, a dire \u201cs\u00ec\u201d: \u201cDevo pregare?\u201d \u201cS\u00ec, e prego\u201d. \u201cDevo aiutare gli altri? S\u00ec\u201d. Come farlo? Lo faccio. Senza rimandare. Ogni \u201cs\u00ec\u201d costa. Ogni \u201cs\u00ec\u201d costa, ma sempre meno di quanto cost\u00f2 a lei quel \u201cs\u00ec\u201d coraggioso, quel \u201cs\u00ec\u201d pronto, quell\u2019\u00ab<i>avvenga per me secondo la tua parola<\/i>\u00bb che ci ha portato la salvezza.<\/p>\n<p><img loading=\"lazy\" decoding=\"async\" class=\"alignnone size-medium wp-image-4782\" src=\"https:\/\/www.diocesidiroma.it\/sanitaria\/wp-content\/uploads\/2020\/09\/carezza-300x169.jpg\" alt=\"\" width=\"300\" height=\"169\" srcset=\"https:\/\/www.diocesidiroma.it\/sanitaria\/wp-content\/uploads\/2020\/09\/carezza-300x169.jpg 300w, https:\/\/www.diocesidiroma.it\/sanitaria\/wp-content\/uploads\/2020\/09\/carezza.jpg 750w\" sizes=\"auto, (max-width: 300px) 100vw, 300px\" \/><\/p>\n<p>E noi, quali \u201cs\u00ec\u201d possiamo dire? In questo tempo difficile, anzich\u00e9 lamentarci di quello che la pandemia ci impedisce di fare, facciamo qualcosa per chi ha di meno: non l\u2019ennesimo regalo per noi e per i nostri amici, ma per un bisognoso a cui nessuno pensa! E un altro consiglio: perch\u00e9 Ges\u00f9 nasca in noi, prepariamo il cuore: andiamo a pregare. Non lasciamoci \u201cportare avanti\u201d dal consumismo: \u201cdevo comprare i regali, devo fare questo e quello\u2026\u201d. Quella frenesia di fare tante cose\u2026 l\u2019importante \u00e8 Ges\u00f9. il consumismo, fratelli e sorelle, ci ha sequestrato il Natale. Il consumismo non \u00e8 nella mangiatoia di Betlemme: l\u00ec c\u2019\u00e8 la realt\u00e0, la povert\u00e0, l\u2019amore. Prepariamo il cuore come ha fatto Maria: libero dal male, accogliente, pronto a ospitare Dio.<\/p>\n<p>\u00ab<i>Avvenga per me secondo la tua parola<\/i>\u00bb. \u00c8 l\u2019ultima frase della Vergine in questa ultima domenica di Avvento, ed \u00e8 l\u2019invito a fare un passo concreto verso il Natale. Perch\u00e9 se la nascita di Ges\u00f9 non tocca la vita nostra \u2013 la mia, la tua, tutte \u2013 se non tocca la vita, passa invano. (Papa Francesco, Angelus Domenica 20 Dicembre 2020)<\/p>\n<p>&nbsp;<\/p>\n<\/div>\n<\/div>\n<\/div>\n<\/div>\n<\/div>\n","protected":false},"excerpt":{"rendered":"Quante volte \u2013 pensiamo a noi adesso \u2013 quante volte la nostra vita \u00e8 fatta di rinvii, anche la vita spirituale! Per esempio: so che mi fa bene pregare, ma oggi non ho tempo\u2026 \u201cdomani, domani, domani, domani\u2026\u201d rinviamo le cose: lo far\u00f2 domani; so che aiutare qualcuno \u00e8 importante \u2013 s\u00ec, devo farlo: lo [&hellip;]","protected":false},"author":2,"featured_media":4782,"comment_status":"closed","ping_status":"closed","sticky":false,"template":"","format":"standard","meta":{"footnotes":""},"categories":[51],"tags":[],"class_list":["post-5013","post","type-post","status-publish","format-standard","has-post-thumbnail","hentry","category-box"],"_links":{"self":[{"href":"https:\/\/www.diocesidiroma.it\/sanitaria\/index.php\/wp-json\/wp\/v2\/posts\/5013","targetHints":{"allow":["GET"]}}],"collection":[{"href":"https:\/\/www.diocesidiroma.it\/sanitaria\/index.php\/wp-json\/wp\/v2\/posts"}],"about":[{"href":"https:\/\/www.diocesidiroma.it\/sanitaria\/index.php\/wp-json\/wp\/v2\/types\/post"}],"author":[{"embeddable":true,"href":"https:\/\/www.diocesidiroma.it\/sanitaria\/index.php\/wp-json\/wp\/v2\/users\/2"}],"replies":[{"embeddable":true,"href":"https:\/\/www.diocesidiroma.it\/sanitaria\/index.php\/wp-json\/wp\/v2\/comments?post=5013"}],"version-history":[{"count":2,"href":"https:\/\/www.diocesidiroma.it\/sanitaria\/index.php\/wp-json\/wp\/v2\/posts\/5013\/revisions"}],"predecessor-version":[{"id":5017,"href":"https:\/\/www.diocesidiroma.it\/sanitaria\/index.php\/wp-json\/wp\/v2\/posts\/5013\/revisions\/5017"}],"wp:featuredmedia":[{"embeddable":true,"href":"https:\/\/www.diocesidiroma.it\/sanitaria\/index.php\/wp-json\/wp\/v2\/media\/4782"}],"wp:attachment":[{"href":"https:\/\/www.diocesidiroma.it\/sanitaria\/index.php\/wp-json\/wp\/v2\/media?parent=5013"}],"wp:term":[{"taxonomy":"category","embeddable":true,"href":"https:\/\/www.diocesidiroma.it\/sanitaria\/index.php\/wp-json\/wp\/v2\/categories?post=5013"},{"taxonomy":"post_tag","embeddable":true,"href":"https:\/\/www.diocesidiroma.it\/sanitaria\/index.php\/wp-json\/wp\/v2\/tags?post=5013"}],"curies":[{"name":"wp","href":"https:\/\/api.w.org\/{rel}","templated":true}]}}