
{"id":5167,"date":"2021-03-01T10:36:26","date_gmt":"2021-03-01T09:36:26","guid":{"rendered":"https:\/\/www.diocesidiroma.it\/sanitaria\/?p=5167"},"modified":"2021-03-01T10:36:26","modified_gmt":"2021-03-01T09:36:26","slug":"giornata-mondiale-delle-malattie-rare-domenica-28-febbraio-2021","status":"publish","type":"post","link":"https:\/\/www.diocesidiroma.it\/sanitaria\/index.php\/giornata-mondiale-delle-malattie-rare-domenica-28-febbraio-2021\/","title":{"rendered":"Giornata Mondiale delle Malattie Rare &#8211; Domenica 28 Febbraio 2021"},"content":{"rendered":"<p>Lo ha detto Papa\u00a0<strong>Francesco <\/strong>durante l\u2019Angelus a piazza San Pietro Domenica 28 Febbraio 2021.<\/p>\n<p>\u201cRicorre oggi la giornata delle malattie rare e saluto i membri delle associazioni che sono qui in piazza. <strong>Nel caso delle malattie rare \u00e8 pi\u00f9 che mai importante la rete di solidariet\u00e0 tra i familiari,<\/strong> aiuta a non sentirsi soli e a scambiarsi esperienze e consigli, esprimo vicinanza ai malati e a chi si occupa di ricerca, alle famiglie e specialmente ai bambini malati che soffrono- ha detto Papa\u00a0<strong>Francesco<\/strong>\u00a0durante l\u2019Angelus a piazza San Pietro- <strong>Pregare per loro, far sentire carezza dell\u2019amore di Dio, <\/strong>curare i bambini con la preghiera pure quando ci sono malattie che non si sa cosa sono o c\u2019\u00e8 pronostico un po\u2019 brutto. Specialmente preghiamo per i bambini che soffrono. Saluto di cuore i fedeli di Roma e i pellegrini di tutti i Paesi\u201d.<\/p>\n<p>&nbsp;<\/p>\n<p><img loading=\"lazy\" decoding=\"async\" class=\"alignnone size-medium wp-image-5168\" src=\"https:\/\/www.diocesidiroma.it\/sanitaria\/wp-content\/uploads\/2021\/03\/C_17_notizie_5347_immagineEvidenza-300x167.jpg\" alt=\"\" width=\"300\" height=\"167\" srcset=\"https:\/\/www.diocesidiroma.it\/sanitaria\/wp-content\/uploads\/2021\/03\/C_17_notizie_5347_immagineEvidenza-300x167.jpg 300w, https:\/\/www.diocesidiroma.it\/sanitaria\/wp-content\/uploads\/2021\/03\/C_17_notizie_5347_immagineEvidenza.jpg 700w\" sizes=\"auto, (max-width: 300px) 100vw, 300px\" \/><\/p>\n","protected":false},"excerpt":{"rendered":"Lo ha detto Papa\u00a0Francesco durante l\u2019Angelus a piazza San Pietro Domenica 28 Febbraio 2021. \u201cRicorre oggi la giornata delle malattie rare e saluto i membri delle associazioni che sono qui in piazza. Nel caso delle malattie rare \u00e8 pi\u00f9 che mai importante la rete di solidariet\u00e0 tra i familiari, aiuta a non sentirsi soli e [&hellip;]","protected":false},"author":2,"featured_media":5169,"comment_status":"closed","ping_status":"closed","sticky":false,"template":"","format":"standard","meta":{"footnotes":""},"categories":[13],"tags":[],"class_list":["post-5167","post","type-post","status-publish","format-standard","has-post-thumbnail","hentry","category-evidenza"],"_links":{"self":[{"href":"https:\/\/www.diocesidiroma.it\/sanitaria\/index.php\/wp-json\/wp\/v2\/posts\/5167","targetHints":{"allow":["GET"]}}],"collection":[{"href":"https:\/\/www.diocesidiroma.it\/sanitaria\/index.php\/wp-json\/wp\/v2\/posts"}],"about":[{"href":"https:\/\/www.diocesidiroma.it\/sanitaria\/index.php\/wp-json\/wp\/v2\/types\/post"}],"author":[{"embeddable":true,"href":"https:\/\/www.diocesidiroma.it\/sanitaria\/index.php\/wp-json\/wp\/v2\/users\/2"}],"replies":[{"embeddable":true,"href":"https:\/\/www.diocesidiroma.it\/sanitaria\/index.php\/wp-json\/wp\/v2\/comments?post=5167"}],"version-history":[{"count":1,"href":"https:\/\/www.diocesidiroma.it\/sanitaria\/index.php\/wp-json\/wp\/v2\/posts\/5167\/revisions"}],"predecessor-version":[{"id":5170,"href":"https:\/\/www.diocesidiroma.it\/sanitaria\/index.php\/wp-json\/wp\/v2\/posts\/5167\/revisions\/5170"}],"wp:featuredmedia":[{"embeddable":true,"href":"https:\/\/www.diocesidiroma.it\/sanitaria\/index.php\/wp-json\/wp\/v2\/media\/5169"}],"wp:attachment":[{"href":"https:\/\/www.diocesidiroma.it\/sanitaria\/index.php\/wp-json\/wp\/v2\/media?parent=5167"}],"wp:term":[{"taxonomy":"category","embeddable":true,"href":"https:\/\/www.diocesidiroma.it\/sanitaria\/index.php\/wp-json\/wp\/v2\/categories?post=5167"},{"taxonomy":"post_tag","embeddable":true,"href":"https:\/\/www.diocesidiroma.it\/sanitaria\/index.php\/wp-json\/wp\/v2\/tags?post=5167"}],"curies":[{"name":"wp","href":"https:\/\/api.w.org\/{rel}","templated":true}]}}