
{"id":5194,"date":"2021-03-09T09:26:59","date_gmt":"2021-03-09T08:26:59","guid":{"rendered":"https:\/\/www.diocesidiroma.it\/sanitaria\/?p=5194"},"modified":"2021-03-09T09:35:51","modified_gmt":"2021-03-09T08:35:51","slug":"giovedi-11-marzo-giornata-mensile-del-malato","status":"publish","type":"post","link":"https:\/\/www.diocesidiroma.it\/sanitaria\/index.php\/giovedi-11-marzo-giornata-mensile-del-malato\/","title":{"rendered":"Gioved\u00ec 11 Marzo &#8211; Giornata Mensile del Malato"},"content":{"rendered":"<p>Nella Giornata mensile del Malato, in questo mese di Marzo, Mons. Paolo Ricciardi sar\u00e0 presente presso la Parrocchia San Paolo della Croce. Insieme la Comunit\u00e0 parrocchiale vivr\u00e0 un momento di Adorazione eucaristica e a seguire la Santa Messa presieduta dal Vescovo.<\/p>\n<p>&nbsp;<\/p>\n<iframe loading=\"lazy\" class=\"pdfjs-viewer\" width=\"800px\" height=\"600px\" src=\"https:\/\/www.diocesidiroma.it\/sanitaria\/wp-content\/plugins\/pdf-viewer\/stable\/web\/viewer.html?file=https:\/\/www.diocesidiroma.it\/sanitaria\/wp-content\/uploads\/2021\/03\/Giornata-mensile-del-Malato.pdf\"><\/iframe> \n","protected":false},"excerpt":{"rendered":"Nella Giornata mensile del Malato, in questo mese di Marzo, Mons. Paolo Ricciardi sar\u00e0 presente presso la Parrocchia San Paolo della Croce. Insieme la Comunit\u00e0 parrocchiale vivr\u00e0 un momento di Adorazione eucaristica e a seguire la Santa Messa presieduta dal Vescovo. &nbsp;","protected":false},"author":2,"featured_media":0,"comment_status":"closed","ping_status":"closed","sticky":false,"template":"","format":"standard","meta":{"footnotes":""},"categories":[51],"tags":[],"class_list":["post-5194","post","type-post","status-publish","format-standard","hentry","category-box"],"_links":{"self":[{"href":"https:\/\/www.diocesidiroma.it\/sanitaria\/index.php\/wp-json\/wp\/v2\/posts\/5194","targetHints":{"allow":["GET"]}}],"collection":[{"href":"https:\/\/www.diocesidiroma.it\/sanitaria\/index.php\/wp-json\/wp\/v2\/posts"}],"about":[{"href":"https:\/\/www.diocesidiroma.it\/sanitaria\/index.php\/wp-json\/wp\/v2\/types\/post"}],"author":[{"embeddable":true,"href":"https:\/\/www.diocesidiroma.it\/sanitaria\/index.php\/wp-json\/wp\/v2\/users\/2"}],"replies":[{"embeddable":true,"href":"https:\/\/www.diocesidiroma.it\/sanitaria\/index.php\/wp-json\/wp\/v2\/comments?post=5194"}],"version-history":[{"count":3,"href":"https:\/\/www.diocesidiroma.it\/sanitaria\/index.php\/wp-json\/wp\/v2\/posts\/5194\/revisions"}],"predecessor-version":[{"id":5199,"href":"https:\/\/www.diocesidiroma.it\/sanitaria\/index.php\/wp-json\/wp\/v2\/posts\/5194\/revisions\/5199"}],"wp:attachment":[{"href":"https:\/\/www.diocesidiroma.it\/sanitaria\/index.php\/wp-json\/wp\/v2\/media?parent=5194"}],"wp:term":[{"taxonomy":"category","embeddable":true,"href":"https:\/\/www.diocesidiroma.it\/sanitaria\/index.php\/wp-json\/wp\/v2\/categories?post=5194"},{"taxonomy":"post_tag","embeddable":true,"href":"https:\/\/www.diocesidiroma.it\/sanitaria\/index.php\/wp-json\/wp\/v2\/tags?post=5194"}],"curies":[{"name":"wp","href":"https:\/\/api.w.org\/{rel}","templated":true}]}}