
{"id":709,"date":"2018-06-27T10:03:14","date_gmt":"2018-06-27T08:03:14","guid":{"rendered":"https:\/\/www.diocesidiroma.it\/sanitaria\/?p=709"},"modified":"2018-06-27T10:23:37","modified_gmt":"2018-06-27T08:23:37","slug":"lo-sguardo-capovolto-verso-il-cielo","status":"publish","type":"post","link":"https:\/\/www.diocesidiroma.it\/sanitaria\/index.php\/lo-sguardo-capovolto-verso-il-cielo\/","title":{"rendered":"Lo sguardo capovolto verso il cielo"},"content":{"rendered":"<p><span style=\"color: #993300;\"><strong>LO SGUARDO CAPOVOLTO VERSO IL CIELO<\/strong><\/span><\/p>\n<p>&nbsp;<\/p>\n<p><img loading=\"lazy\" decoding=\"async\" class=\"alignnone size-medium wp-image-710\" src=\"https:\/\/www.diocesidiroma.it\/sanitaria\/wp-content\/uploads\/2018\/06\/Pietro-e-Paolo-300x225.jpg\" alt=\"\" width=\"300\" height=\"225\" srcset=\"https:\/\/www.diocesidiroma.it\/sanitaria\/wp-content\/uploads\/2018\/06\/Pietro-e-Paolo-300x225.jpg 300w, https:\/\/www.diocesidiroma.it\/sanitaria\/wp-content\/uploads\/2018\/06\/Pietro-e-Paolo-768x576.jpg 768w, https:\/\/www.diocesidiroma.it\/sanitaria\/wp-content\/uploads\/2018\/06\/Pietro-e-Paolo-1024x768.jpg 1024w, https:\/\/www.diocesidiroma.it\/sanitaria\/wp-content\/uploads\/2018\/06\/Pietro-e-Paolo-600x450.jpg 600w, https:\/\/www.diocesidiroma.it\/sanitaria\/wp-content\/uploads\/2018\/06\/Pietro-e-Paolo.jpg 1280w\" sizes=\"auto, (max-width: 300px) 100vw, 300px\" \/><\/p>\n<p>&nbsp;<\/p>\n<p><span style=\"color: #993300;\"><strong>Riflessioni per la festa dei nostri patroni <\/strong><\/span><\/p>\n<p><span style=\"color: #993300;\"><strong>di S.E. Mo<\/strong><\/span><span style=\"color: #993300;\"><strong>ns. Paol<\/strong><\/span><strong style=\"color: #993300;\">o Ricciardi<\/strong><\/p>\n<p><strong><span style=\"color: #993300;\">La Solennit\u00e0 di Pietro e Paolo si colloca al termine di un anno pastorale, mentre nelle nostre comunit\u00e0 iniziano le esperienze estive e si guarda al nuovo anno, con progetti e speranze, tradizioni e cambiamenti. Per qualche parrocchia c\u2019\u00e8 un avvicendamento di sacerdoti, un momento di passaggio non indolore che, come ogni prova, pu\u00f2 essere occasione di verifica e di maggior corresponsabilit\u00e0. <\/span><\/strong><span class=\"text_exposed_show\"><br \/>\n<span style=\"color: #993300;\"><strong> Tutta la nostra Diocesi, inoltre, stimolata dalle parole del Papa e dal cammino di verifica e di discernimento sulle malattie spirituali, sta vivendo un tempo favorevole per una<\/strong> <strong>maturazione comunitaria.<\/strong><\/span><br \/>\n<strong><span style=\"color: #993300;\"> <img loading=\"lazy\" decoding=\"async\" class=\"size-medium wp-image-714 alignleft\" src=\"https:\/\/www.diocesidiroma.it\/sanitaria\/wp-content\/uploads\/2018\/06\/papa_clero_15febb2018_4-300x181.jpg\" alt=\"\" width=\"300\" height=\"181\" srcset=\"https:\/\/www.diocesidiroma.it\/sanitaria\/wp-content\/uploads\/2018\/06\/papa_clero_15febb2018_4-300x181.jpg 300w, https:\/\/www.diocesidiroma.it\/sanitaria\/wp-content\/uploads\/2018\/06\/papa_clero_15febb2018_4-768x463.jpg 768w, https:\/\/www.diocesidiroma.it\/sanitaria\/wp-content\/uploads\/2018\/06\/papa_clero_15febb2018_4-600x362.jpg 600w, https:\/\/www.diocesidiroma.it\/sanitaria\/wp-content\/uploads\/2018\/06\/papa_clero_15febb2018_4.jpg 780w\" sizes=\"auto, (max-width: 300px) 100vw, 300px\" \/><\/span><\/strong><\/span><\/p>\n<p>&nbsp;<\/p>\n<p>&nbsp;<\/p>\n<p>&nbsp;<\/p>\n<p>&nbsp;<\/p>\n<p><strong><span style=\"color: #993300;\"><span class=\"text_exposed_show\">Infine, alla vigilia di questa festa, i<\/span>l nostro vicario, creato cardinale, esprime ancor pi\u00f9 la chiamata al martirio della nostra comunit\u00e0 diocesana, al rosso dell\u2019amore e del sangue che ha imporporato Roma.<\/span><\/strong><\/p>\n<p><strong><span style=\"color: #993300;\"><img loading=\"lazy\" decoding=\"async\" class=\"size-medium wp-image-715 alignleft\" src=\"https:\/\/www.diocesidiroma.it\/sanitaria\/wp-content\/uploads\/2018\/06\/Cardinali-300x193.jpg\" alt=\"\" width=\"300\" height=\"193\" srcset=\"https:\/\/www.diocesidiroma.it\/sanitaria\/wp-content\/uploads\/2018\/06\/Cardinali-300x193.jpg 300w, https:\/\/www.diocesidiroma.it\/sanitaria\/wp-content\/uploads\/2018\/06\/Cardinali-768x495.jpg 768w, https:\/\/www.diocesidiroma.it\/sanitaria\/wp-content\/uploads\/2018\/06\/Cardinali-1024x660.jpg 1024w, https:\/\/www.diocesidiroma.it\/sanitaria\/wp-content\/uploads\/2018\/06\/Cardinali-600x387.jpg 600w, https:\/\/www.diocesidiroma.it\/sanitaria\/wp-content\/uploads\/2018\/06\/Cardinali.jpg 1280w\" sizes=\"auto, (max-width: 300px) 100vw, 300px\" \/><\/span><\/strong><\/p>\n<p><strong><span class=\"text_exposed_show\" style=\"color: #993300;\"> Per questo dobbiamo guardare a Pietro e Paolo.<br \/>\nRoma \u00e8 stata fecondata dal sangue di questi due Apostoli e di tanti altri martiri.<br \/>\nA loro ci affidiamo, all\u2019inizio di questa estate, per ripartire. <\/span><\/strong><\/p>\n<div class=\"text_exposed_show\">\n<p><strong><span style=\"color: #993300;\">La tradizione vuole che, sulla via Appia, mentre Pietro si allontanava da Roma, incontr\u00f2 di nuovo Ges\u00f9 e gli domand\u00f2: \u201cQuo vadis, Domine? Dove vai, Signore?\u201d, ottenendo la risposta: \u201cVado a Roma, a farmi crocifiggere di nuovo\u201d. \u00c8 l\u00ec che Pietro cap\u00ec che per seguire il suo Maestro, doveva morire come Lui.<\/span><\/strong><br \/>\n<strong><span style=\"color: #993300;\"> In questo 29 giugno, guardando Pietro, vogliamo chiedere a lui di aiutare la nostra chiesa di Roma a \u201critornare a Roma\u201d, a non fuggire da questo mondo difficile, da questa citt\u00e0 caotica, da questa umanit\u00e0 ovunque dispersa.<\/span><\/strong><br \/>\n<strong><span style=\"color: #993300;\"> Nel circo di Nerone, Pietro viene crocifisso. Lui chiede di non morire come Cristo, non se ne sente degno. E si fa mettere a \u201ctesta in gi\u00f9\u201d. In quella posizione, capovolto, non vede pi\u00f9 come prima la terra sotto il cielo, ma vede il Cielo che sostiene la terra. E capisce \u2013 e ci fa capire \u2013 che il Cielo illumina e sostiene la terra. Capisce quanto siamo amati. Quanto \u00e8 amata Roma.<\/span><\/strong><\/p>\n<p><strong><span style=\"color: #993300;\">In questo capovolgimento dello sguardo, anche noi siamo chiamati a vedere Roma come la vede Dio. E, capovolgendo \u201cRoma\u201d, si ottiene \u201cAmor\u201d.<\/span><\/strong><\/p>\n<p><strong><span style=\"color: #993300;\">Un po\u2019 pi\u00f9 lontano, sull\u2019antica via Laurentina, nella zona delle \u201cAcque Salvie\u201d, c\u2019\u00e8 una spada sul collo di Paolo. La spada della Parola lo porta a donare la vita.<\/span><\/strong><br \/>\n<strong><span style=\"color: #993300;\"> Persecutore perseguitato, l\u2019Apostolo delle genti perde la testa per Cristo e per i cristiani. Per Roma e per i romani.<\/span><\/strong><br \/>\n<strong><span style=\"color: #993300;\"> E quella testa rimbalza, per tre volte, \u201caccendendo\u201d sorgenti, tre fontane di Grazia.<\/span><\/strong><br \/>\n<strong><span style=\"color: #993300;\"> Tre sorgenti, nel nome del Padre e del Figlio e dello Spirito Santo.<\/span><\/strong><br \/>\n<strong><span style=\"color: #993300;\"> Martirio fecondo per questa nostra citt\u00e0.<\/span><\/strong><\/p>\n<p><strong><span style=\"color: #993300;\">Abbiamo un tesoro inestimabile, noi cristiani di Roma.<\/span><\/strong><br \/>\n<strong><span style=\"color: #993300;\"> Mentre il sole di fine giugno accende al mattino la cupola di San Pietro e la sera illumina il mosaico della facciata di san Paolo, anche noi capovolgiamo lo sguardo, desiderando di perdere la testa per Cristo e per la Chiesa. Per Roma e per i romani.<\/span><\/strong><br \/>\n<strong><span style=\"color: #993300;\"> Solo cos\u00ec Roma diventer\u00e0 di nuovo \u201cAmor\u201d.<\/span><\/strong><\/p>\n<p><img loading=\"lazy\" decoding=\"async\" class=\"alignnone size-medium wp-image-716\" src=\"https:\/\/www.diocesidiroma.it\/sanitaria\/wp-content\/uploads\/2018\/06\/cupola-di-San-Pietro-300x169.jpg\" alt=\"\" width=\"300\" height=\"169\" srcset=\"https:\/\/www.diocesidiroma.it\/sanitaria\/wp-content\/uploads\/2018\/06\/cupola-di-San-Pietro-300x169.jpg 300w, https:\/\/www.diocesidiroma.it\/sanitaria\/wp-content\/uploads\/2018\/06\/cupola-di-San-Pietro-768x432.jpg 768w, https:\/\/www.diocesidiroma.it\/sanitaria\/wp-content\/uploads\/2018\/06\/cupola-di-San-Pietro-1024x576.jpg 1024w, https:\/\/www.diocesidiroma.it\/sanitaria\/wp-content\/uploads\/2018\/06\/cupola-di-San-Pietro-600x338.jpg 600w, https:\/\/www.diocesidiroma.it\/sanitaria\/wp-content\/uploads\/2018\/06\/cupola-di-San-Pietro.jpg 1280w\" sizes=\"auto, (max-width: 300px) 100vw, 300px\" \/><\/p>\n<\/div>\n","protected":false},"excerpt":{"rendered":"LO SGUARDO CAPOVOLTO VERSO IL CIELO &nbsp; &nbsp; Riflessioni per la festa dei nostri patroni di S.E. Mons. Paolo Ricciardi La Solennit\u00e0 di Pietro e Paolo si colloca al termine di un anno pastorale, mentre nelle nostre comunit\u00e0 iniziano le esperienze estive e si guarda al nuovo anno, con progetti e speranze, tradizioni e cambiamenti. [&hellip;]","protected":false},"author":2,"featured_media":710,"comment_status":"open","ping_status":"open","sticky":false,"template":"","format":"standard","meta":{"footnotes":""},"categories":[13,31,25],"tags":[],"class_list":["post-709","post","type-post","status-publish","format-standard","has-post-thumbnail","hentry","category-evidenza","category-scritti_vescovo-ricciardi","category-vescovo"],"_links":{"self":[{"href":"https:\/\/www.diocesidiroma.it\/sanitaria\/index.php\/wp-json\/wp\/v2\/posts\/709","targetHints":{"allow":["GET"]}}],"collection":[{"href":"https:\/\/www.diocesidiroma.it\/sanitaria\/index.php\/wp-json\/wp\/v2\/posts"}],"about":[{"href":"https:\/\/www.diocesidiroma.it\/sanitaria\/index.php\/wp-json\/wp\/v2\/types\/post"}],"author":[{"embeddable":true,"href":"https:\/\/www.diocesidiroma.it\/sanitaria\/index.php\/wp-json\/wp\/v2\/users\/2"}],"replies":[{"embeddable":true,"href":"https:\/\/www.diocesidiroma.it\/sanitaria\/index.php\/wp-json\/wp\/v2\/comments?post=709"}],"version-history":[{"count":6,"href":"https:\/\/www.diocesidiroma.it\/sanitaria\/index.php\/wp-json\/wp\/v2\/posts\/709\/revisions"}],"predecessor-version":[{"id":720,"href":"https:\/\/www.diocesidiroma.it\/sanitaria\/index.php\/wp-json\/wp\/v2\/posts\/709\/revisions\/720"}],"wp:featuredmedia":[{"embeddable":true,"href":"https:\/\/www.diocesidiroma.it\/sanitaria\/index.php\/wp-json\/wp\/v2\/media\/710"}],"wp:attachment":[{"href":"https:\/\/www.diocesidiroma.it\/sanitaria\/index.php\/wp-json\/wp\/v2\/media?parent=709"}],"wp:term":[{"taxonomy":"category","embeddable":true,"href":"https:\/\/www.diocesidiroma.it\/sanitaria\/index.php\/wp-json\/wp\/v2\/categories?post=709"},{"taxonomy":"post_tag","embeddable":true,"href":"https:\/\/www.diocesidiroma.it\/sanitaria\/index.php\/wp-json\/wp\/v2\/tags?post=709"}],"curies":[{"name":"wp","href":"https:\/\/api.w.org\/{rel}","templated":true}]}}