
{"id":994,"date":"2018-07-18T07:52:20","date_gmt":"2018-07-18T05:52:20","guid":{"rendered":"https:\/\/www.diocesidiroma.it\/sanitaria\/?p=994"},"modified":"2018-07-18T07:58:20","modified_gmt":"2018-07-18T05:58:20","slug":"il-vescovo-ricciardi-presiede-una-prima-professione-religiosa","status":"publish","type":"post","link":"https:\/\/www.diocesidiroma.it\/sanitaria\/index.php\/il-vescovo-ricciardi-presiede-una-prima-professione-religiosa\/","title":{"rendered":"Il Vescovo Ricciardi presiede una Prima Professione religiosa"},"content":{"rendered":"<p><img loading=\"lazy\" decoding=\"async\" src=\"https:\/\/www.diocesidiroma.it\/sanitaria\/wp-content\/uploads\/2018\/07\/20180202_160749-a-1024x576.jpg\" sizes=\"auto, (max-width: 730px) 100vw, 730px\" srcset=\"https:\/\/www.diocesidiroma.it\/sanitaria\/wp-content\/uploads\/2018\/07\/20180202_160749-a-1024x576.jpg 1024w, https:\/\/www.diocesidiroma.it\/sanitaria\/wp-content\/uploads\/2018\/07\/20180202_160749-a-300x169.jpg 300w, https:\/\/www.diocesidiroma.it\/sanitaria\/wp-content\/uploads\/2018\/07\/20180202_160749-a-768x432.jpg 768w, https:\/\/www.diocesidiroma.it\/sanitaria\/wp-content\/uploads\/2018\/07\/20180202_160749-a-600x338.jpg 600w\" alt=\"\" width=\"730\" height=\"411\" \/><\/p>\n<p>Le novizie Lucyna \u0141abieniec e Marta Sm\u00f3\u0142ko, provenienti dalla Polonia, hanno emesso oggi la prima Professione religiosa temporanea nella cappella della Casa Generalizia a Roma. Ha officiato il rito Sua eccellenza Mons. Paolo Ricciardi Vescovo titolare di Gabi, Ausiliare di ROMA per la Pastorale sanitaria.<b> <\/b>Al termine della celebrazione Lucyna e Marta, visibilmente commosse e\u00a0 felici, hanno espresso un sentito ringraziamento a tutte le persone presenti.<\/p>\n<p><a href=\"http:\/\/www.piccolesuoredelladivinaprovvidenza.it\/2018\/02\/11\/professione-religiosa\/\" target=\"_blank\" rel=\"noopener\"><br \/>\nLeggi<br \/>\n<\/a><\/p>\n","protected":false},"excerpt":{"rendered":"Le novizie Lucyna \u0141abieniec e Marta Sm\u00f3\u0142ko, provenienti dalla Polonia, hanno emesso oggi la prima Professione religiosa temporanea nella cappella della Casa Generalizia a Roma. Ha officiato il rito Sua eccellenza Mons. Paolo Ricciardi Vescovo titolare di Gabi, Ausiliare di ROMA per la Pastorale sanitaria. Al termine della celebrazione Lucyna e Marta, visibilmente commosse e\u00a0 [&hellip;]","protected":false},"author":2,"featured_media":998,"comment_status":"closed","ping_status":"closed","sticky":false,"template":"","format":"standard","meta":{"footnotes":""},"categories":[4],"tags":[],"class_list":["post-994","post","type-post","status-publish","format-standard","has-post-thumbnail","hentry","category-notizie"],"_links":{"self":[{"href":"https:\/\/www.diocesidiroma.it\/sanitaria\/index.php\/wp-json\/wp\/v2\/posts\/994","targetHints":{"allow":["GET"]}}],"collection":[{"href":"https:\/\/www.diocesidiroma.it\/sanitaria\/index.php\/wp-json\/wp\/v2\/posts"}],"about":[{"href":"https:\/\/www.diocesidiroma.it\/sanitaria\/index.php\/wp-json\/wp\/v2\/types\/post"}],"author":[{"embeddable":true,"href":"https:\/\/www.diocesidiroma.it\/sanitaria\/index.php\/wp-json\/wp\/v2\/users\/2"}],"replies":[{"embeddable":true,"href":"https:\/\/www.diocesidiroma.it\/sanitaria\/index.php\/wp-json\/wp\/v2\/comments?post=994"}],"version-history":[{"count":2,"href":"https:\/\/www.diocesidiroma.it\/sanitaria\/index.php\/wp-json\/wp\/v2\/posts\/994\/revisions"}],"predecessor-version":[{"id":1008,"href":"https:\/\/www.diocesidiroma.it\/sanitaria\/index.php\/wp-json\/wp\/v2\/posts\/994\/revisions\/1008"}],"wp:featuredmedia":[{"embeddable":true,"href":"https:\/\/www.diocesidiroma.it\/sanitaria\/index.php\/wp-json\/wp\/v2\/media\/998"}],"wp:attachment":[{"href":"https:\/\/www.diocesidiroma.it\/sanitaria\/index.php\/wp-json\/wp\/v2\/media?parent=994"}],"wp:term":[{"taxonomy":"category","embeddable":true,"href":"https:\/\/www.diocesidiroma.it\/sanitaria\/index.php\/wp-json\/wp\/v2\/categories?post=994"},{"taxonomy":"post_tag","embeddable":true,"href":"https:\/\/www.diocesidiroma.it\/sanitaria\/index.php\/wp-json\/wp\/v2\/tags?post=994"}],"curies":[{"name":"wp","href":"https:\/\/api.w.org\/{rel}","templated":true}]}}