{"id":1110,"date":"2022-09-05T09:50:47","date_gmt":"2022-09-05T07:50:47","guid":{"rendered":"https:\/\/www.diocesidiroma.it\/tribunaleprimaistanza\/?p=1110"},"modified":"2022-12-22T12:29:56","modified_gmt":"2022-12-22T11:29:56","slug":"la-tutela-del-minore-e-della-persona-vulnerabile","status":"publish","type":"post","link":"https:\/\/www.diocesidiroma.it\/tribunaleprimaistanza\/index.php\/la-tutela-del-minore-e-della-persona-vulnerabile\/","title":{"rendered":"La tutela del minore e della persona vulnerabile"},"content":{"rendered":"<p style=\"text-align: justify;\"><em><em>La tutela del minore e della persona vulnerabile<\/em>, <\/em>(Studi Giuridici, 134), Libreria Editrice Vaticana, Citt\u00e0 del Vaticano 2022<\/p>\n<p style=\"text-align: justify; padding-left: 40px;\"><strong>Descrizione<\/strong><\/p>\n<p style=\"text-align: justify; padding-left: 40px;\">\u201cIl dramma degli abusi <em>sessuali<\/em> sui minori e le persone vulnerabili, e quello sulle donne consacrate, richiede una conoscenza approfondita dei fatti accaduti, delle strade intraprese dalla Chiesa per affrontare tale fenomeno, nonch\u00e9 delle dinamiche sistematiche che la caratterizzano. Conoscere quanto ruoti attorno a tale realt\u00e0 \u00e8 il primo fondamentale passo verso l\u2019assunzione di un atteggiamento deciso ai fini di una prevenzione efficace\u201d (dalla <strong>Prefazione<\/strong>).<\/p>\n<p style=\"text-align: justify; padding-left: 40px;\">Insegna Papa Francesco: \u201cA volte, la realt\u00e0 dell\u2019abuso e il suo impatto devastante e permanente sulla vita dei piccoli, sembrano sopraffare gli sforzi di quanti cercano di rispondere con amore e comprensione. La strada verso la guarigione \u00e8 lunga, \u00e8 difficile, richiede una speranza ben fondata, la speranza in Colui che \u00e8 andato alla croce e oltre la croce. Ges\u00f9 risorto ha portato, e porta per sempre, le cicatrici della sua crocifissione nel suo corpo glorificato. Queste piaghe ci dicono che Dio ci salva non \u201csaltando\u201d le nostre sofferenze, ma attraverso le nostre sofferenze, trasformandole con la forza del suo amore\u201d.<\/p>\n<p style=\"text-align: justify; padding-left: 40px;\"><strong>Visioli<\/strong> si concentra sullo \u201cstatuto giuridico del minore secondo la legislazione canonica attuale, per soffermarsi poi pi\u00f9 diffusamente, in una seconda parte, su una serie di questioni scelte che interessano il canonista e rischiano di essere fraintese nel tempo presente\u201d, mentre il contributo di <strong>Marchetti<\/strong> \u00e8 diretto a \u201cfar emergere alcune indicazioni circa i doveri dei vescovi e dei parroci in merito alla tutela dei minori e delle persone vulnerabili\u201d a partire dalle recenti <em>Linee guida per la tutela dei minori e delle persone vulnerabili<\/em> della Conferenza Episcopale Italiana-Conferenza Italiana Superiori Maggiori (24 giugno 2019). Tali linee guida sono riprese dal contributo di <strong>Sabbarese<\/strong> che evidenzia come esse siano \u201cl\u2019espressione del cammino che la Chiesa cattolica in Italia ha percorso e della rinnovata visione che intende assumere, collocando al primo posto le vittime e assicurando alla giustizia quanti si sono macchiati del delitto di abuso di minori\u201d, analizzandone il cammino di preparazione, i principi guida e le indicazioni operative. Il contributo di <strong>Papale<\/strong> verte sull\u2019analisi del processo penale canonico nella tutela del minore e della persona vulnerabile, analizzando in particolare \u201ci due \u201cmomenti\u201d procedurali in cui pu\u00f2 venire in considerazione la figura della vittima-minore , ovvero la fase dell\u2019indagine previa e quella, eventuale e successiva, del processo penale (giudiziale o extragiudiziale)\u201d, mentre <strong>Marano<\/strong> affronta la relazione fra autorit\u00e0 ecclesiastica e civile, dove \u201cle novit\u00e0 di maggiore rilievo sono intervenute non tanto sul versante dell\u2019ordinamento statuale quanto piuttosto sul versante dell\u2019ordinamento canonico, a seguito di una serie di interventi che da ultimo hanno interessato anche il nuovo libro VI del Codice\u201d. Gli ultimi due contributi affrontano l\u2019uno, l\u2019aiuto ai minori vittime di abusi, auspicando <strong>Vittigni<\/strong> la presa di coscienza che \u201coccuparci di questo tema non \u00e8 in primo luogo una questione legata alla vostra professione presente o futura, ma \u00e8 questione di responsabilit\u00e0 come cittadini del mondo e come membri del popolo di Dio che \u00e8 la Chiesa\u201d, l\u2019altro, l\u2019aiuto alle suore vittime di abusi, indicando <strong>Deodato<\/strong> che \u201cil <em>focus<\/em> del mio intervento \u00e8 orientato a dare qualche contenuto che possa aiutare a comprendere un po\u2019 meglio di cosa stiamo parlando, all\u2019interno di quale realt\u00e0 accadono gli abusi, quali elementi entrano maggiormente in gioco, quale chiave interpretativa possiamo darci circa questo crimine\u201d.<\/p>\n","protected":false},"excerpt":{"rendered":"La tutela del minore e della persona vulnerabile, (Studi Giuridici, 134), Libreria Editrice Vaticana, Citt\u00e0 del Vaticano 2022","protected":false},"author":2,"featured_media":1111,"comment_status":"closed","ping_status":"closed","sticky":false,"template":"","format":"standard","meta":{"footnotes":""},"categories":[15],"tags":[],"class_list":["post-1110","post","type-post","status-publish","format-standard","has-post-thumbnail","hentry","category-pubblicazioni"],"_links":{"self":[{"href":"https:\/\/www.diocesidiroma.it\/tribunaleprimaistanza\/index.php\/wp-json\/wp\/v2\/posts\/1110","targetHints":{"allow":["GET"]}}],"collection":[{"href":"https:\/\/www.diocesidiroma.it\/tribunaleprimaistanza\/index.php\/wp-json\/wp\/v2\/posts"}],"about":[{"href":"https:\/\/www.diocesidiroma.it\/tribunaleprimaistanza\/index.php\/wp-json\/wp\/v2\/types\/post"}],"author":[{"embeddable":true,"href":"https:\/\/www.diocesidiroma.it\/tribunaleprimaistanza\/index.php\/wp-json\/wp\/v2\/users\/2"}],"replies":[{"embeddable":true,"href":"https:\/\/www.diocesidiroma.it\/tribunaleprimaistanza\/index.php\/wp-json\/wp\/v2\/comments?post=1110"}],"version-history":[{"count":8,"href":"https:\/\/www.diocesidiroma.it\/tribunaleprimaistanza\/index.php\/wp-json\/wp\/v2\/posts\/1110\/revisions"}],"predecessor-version":[{"id":1250,"href":"https:\/\/www.diocesidiroma.it\/tribunaleprimaistanza\/index.php\/wp-json\/wp\/v2\/posts\/1110\/revisions\/1250"}],"wp:featuredmedia":[{"embeddable":true,"href":"https:\/\/www.diocesidiroma.it\/tribunaleprimaistanza\/index.php\/wp-json\/wp\/v2\/media\/1111"}],"wp:attachment":[{"href":"https:\/\/www.diocesidiroma.it\/tribunaleprimaistanza\/index.php\/wp-json\/wp\/v2\/media?parent=1110"}],"wp:term":[{"taxonomy":"category","embeddable":true,"href":"https:\/\/www.diocesidiroma.it\/tribunaleprimaistanza\/index.php\/wp-json\/wp\/v2\/categories?post=1110"},{"taxonomy":"post_tag","embeddable":true,"href":"https:\/\/www.diocesidiroma.it\/tribunaleprimaistanza\/index.php\/wp-json\/wp\/v2\/tags?post=1110"}],"curies":[{"name":"wp","href":"https:\/\/api.w.org\/{rel}","templated":true}]}}