{"id":1506,"date":"2024-03-26T08:10:51","date_gmt":"2024-03-26T07:10:51","guid":{"rendered":"https:\/\/www.diocesidiroma.it\/tribunaleprimaistanza\/?p=1506"},"modified":"2024-04-02T10:51:06","modified_gmt":"2024-04-02T08:51:06","slug":"avviso-chiusura-tribunale","status":"publish","type":"post","link":"https:\/\/www.diocesidiroma.it\/tribunaleprimaistanza\/index.php\/avviso-chiusura-tribunale\/","title":{"rendered":"Avviso chiusura Tribunale"},"content":{"rendered":"<p style=\"text-align: justify;\">La <strong>CANCELLERIA<\/strong> e l&#8217;<strong>AMMINISTRAZIONE<\/strong> del Tribunale di Prima Istanza chiudono alle <strong>ore 13,00<\/strong> di <strong>mercoled\u00ec 27 marzo 2024,<\/strong> in occasione delle festivit\u00e0 pasquali, e riaprono <strong>marted\u00ec 2 aprile<\/strong><strong>.<\/strong><\/p>\n<p style=\"text-align: justify;\">I termini di legge sono sospesi, salvo nel caso di impugnativa della sentenza.<\/p>\n<p style=\"text-align: justify;\">Si precisa che il Palazzo Lateranense <strong>chiuder\u00e0<\/strong> al pubblico il giorno <strong>mercoled\u00ec 27 marzo<\/strong> alle <strong>ore 14<\/strong>.<\/p>\n<p>&nbsp;<\/p>\n","protected":false},"excerpt":{"rendered":"La CANCELLERIA e l&#8217;AMMINISTRAZIONE del Tribunale di Prima Istanza chiudono alle ore 13,00 di mercoled\u00ec 27 marzo 2024, in occasione delle festivit\u00e0 pasquali, e riaprono marted\u00ec 2 aprile. I termini di legge sono sospesi, salvo nel caso di impugnativa della <a href=\"https:\/\/www.diocesidiroma.it\/tribunaleprimaistanza\/index.php\/avviso-chiusura-tribunale\/\"> Read more&#8230;<\/a>","protected":false},"author":2,"featured_media":0,"comment_status":"closed","ping_status":"closed","sticky":false,"template":"","format":"standard","meta":{"footnotes":""},"categories":[1],"tags":[],"class_list":["post-1506","post","type-post","status-publish","format-standard","hentry","category-eventi"],"_links":{"self":[{"href":"https:\/\/www.diocesidiroma.it\/tribunaleprimaistanza\/index.php\/wp-json\/wp\/v2\/posts\/1506","targetHints":{"allow":["GET"]}}],"collection":[{"href":"https:\/\/www.diocesidiroma.it\/tribunaleprimaistanza\/index.php\/wp-json\/wp\/v2\/posts"}],"about":[{"href":"https:\/\/www.diocesidiroma.it\/tribunaleprimaistanza\/index.php\/wp-json\/wp\/v2\/types\/post"}],"author":[{"embeddable":true,"href":"https:\/\/www.diocesidiroma.it\/tribunaleprimaistanza\/index.php\/wp-json\/wp\/v2\/users\/2"}],"replies":[{"embeddable":true,"href":"https:\/\/www.diocesidiroma.it\/tribunaleprimaistanza\/index.php\/wp-json\/wp\/v2\/comments?post=1506"}],"version-history":[{"count":16,"href":"https:\/\/www.diocesidiroma.it\/tribunaleprimaistanza\/index.php\/wp-json\/wp\/v2\/posts\/1506\/revisions"}],"predecessor-version":[{"id":1733,"href":"https:\/\/www.diocesidiroma.it\/tribunaleprimaistanza\/index.php\/wp-json\/wp\/v2\/posts\/1506\/revisions\/1733"}],"wp:attachment":[{"href":"https:\/\/www.diocesidiroma.it\/tribunaleprimaistanza\/index.php\/wp-json\/wp\/v2\/media?parent=1506"}],"wp:term":[{"taxonomy":"category","embeddable":true,"href":"https:\/\/www.diocesidiroma.it\/tribunaleprimaistanza\/index.php\/wp-json\/wp\/v2\/categories?post=1506"},{"taxonomy":"post_tag","embeddable":true,"href":"https:\/\/www.diocesidiroma.it\/tribunaleprimaistanza\/index.php\/wp-json\/wp\/v2\/tags?post=1506"}],"curies":[{"name":"wp","href":"https:\/\/api.w.org\/{rel}","templated":true}]}}