{"id":1574,"date":"2022-11-09T10:03:37","date_gmt":"2022-11-09T09:03:37","guid":{"rendered":"https:\/\/www.diocesidiroma.it\/tribunaleprimaistanza\/?p=1574"},"modified":"2023-11-13T13:38:21","modified_gmt":"2023-11-13T12:38:21","slug":"inaugurazione-dellanno-accademico-dello-studio-rotale","status":"publish","type":"post","link":"https:\/\/www.diocesidiroma.it\/tribunaleprimaistanza\/index.php\/inaugurazione-dellanno-accademico-dello-studio-rotale\/","title":{"rendered":"Inaugurazione dell&#8217;Anno Accademico dello Studio Rotale"},"content":{"rendered":"<p style=\"text-align: justify;\">Gioved\u00ec <strong>9 novembre 2023<\/strong> alle <strong>ore 17,00<\/strong>, nella Sala Riaria del Palazzo della Cancelleria, avr\u00e0 luogo l&#8217;<em>inaugurazione dell&#8217;Anno Accademico 2023-24 dello <span style=\"color: #000000;\"><a style=\"color: #000000;\" href=\"http:\/\/www.rotaromana.va\/content\/rotaromana\/it\/studio-rotale.html\" target=\"_blank\" rel=\"noopener\">Studio Rotale<\/a><\/span><\/em>.<\/p>\n<p style=\"text-align: justify;\">La prolusione sar\u00e0 tenuta da Sua Ecc.za Rev.ma Mons. Edgar Pe\u00f1a Parra, Sostituto per gli Affari Generali della Segreteria di Stato, sul tema: <em>Il Tribunale Apostolico della Rota Romana: ascolto, discernimento, pronunce<\/em>; a conclusione si proceder\u00e0 al giuramento di rito degli alunni del triennio dello Studio.<\/p>\n","protected":false},"excerpt":{"rendered":"Gioved\u00ec 9 novembre 2023 alle ore 17,00, nella Sala Riaria del Palazzo della Cancelleria, avr\u00e0 luogo l&#8217;inaugurazione dell&#8217;Anno Accademico 2023-24 dello Studio Rotale. La prolusione sar\u00e0 tenuta da Sua Ecc.za Rev.ma Mons. Edgar Pe\u00f1a Parra, Sostituto per gli Affari Generali <a href=\"https:\/\/www.diocesidiroma.it\/tribunaleprimaistanza\/index.php\/inaugurazione-dellanno-accademico-dello-studio-rotale\/\"> Read more&#8230;<\/a>","protected":false},"author":2,"featured_media":0,"comment_status":"closed","ping_status":"closed","sticky":false,"template":"","format":"standard","meta":{"footnotes":""},"categories":[1],"tags":[],"class_list":["post-1574","post","type-post","status-publish","format-standard","hentry","category-eventi"],"_links":{"self":[{"href":"https:\/\/www.diocesidiroma.it\/tribunaleprimaistanza\/index.php\/wp-json\/wp\/v2\/posts\/1574","targetHints":{"allow":["GET"]}}],"collection":[{"href":"https:\/\/www.diocesidiroma.it\/tribunaleprimaistanza\/index.php\/wp-json\/wp\/v2\/posts"}],"about":[{"href":"https:\/\/www.diocesidiroma.it\/tribunaleprimaistanza\/index.php\/wp-json\/wp\/v2\/types\/post"}],"author":[{"embeddable":true,"href":"https:\/\/www.diocesidiroma.it\/tribunaleprimaistanza\/index.php\/wp-json\/wp\/v2\/users\/2"}],"replies":[{"embeddable":true,"href":"https:\/\/www.diocesidiroma.it\/tribunaleprimaistanza\/index.php\/wp-json\/wp\/v2\/comments?post=1574"}],"version-history":[{"count":1,"href":"https:\/\/www.diocesidiroma.it\/tribunaleprimaistanza\/index.php\/wp-json\/wp\/v2\/posts\/1574\/revisions"}],"predecessor-version":[{"id":1575,"href":"https:\/\/www.diocesidiroma.it\/tribunaleprimaistanza\/index.php\/wp-json\/wp\/v2\/posts\/1574\/revisions\/1575"}],"wp:attachment":[{"href":"https:\/\/www.diocesidiroma.it\/tribunaleprimaistanza\/index.php\/wp-json\/wp\/v2\/media?parent=1574"}],"wp:term":[{"taxonomy":"category","embeddable":true,"href":"https:\/\/www.diocesidiroma.it\/tribunaleprimaistanza\/index.php\/wp-json\/wp\/v2\/categories?post=1574"},{"taxonomy":"post_tag","embeddable":true,"href":"https:\/\/www.diocesidiroma.it\/tribunaleprimaistanza\/index.php\/wp-json\/wp\/v2\/tags?post=1574"}],"curies":[{"name":"wp","href":"https:\/\/api.w.org\/{rel}","templated":true}]}}