{"id":1585,"date":"2023-11-20T12:03:41","date_gmt":"2023-11-20T11:03:41","guid":{"rendered":"https:\/\/www.diocesidiroma.it\/tribunaleprimaistanza\/?p=1585"},"modified":"2023-11-24T12:54:46","modified_gmt":"2023-11-24T11:54:46","slug":"arcisodalizio-della-curia-romana-tavola-rotonda-23-11-2023","status":"publish","type":"post","link":"https:\/\/www.diocesidiroma.it\/tribunaleprimaistanza\/index.php\/arcisodalizio-della-curia-romana-tavola-rotonda-23-11-2023\/","title":{"rendered":"Arcisodalizio della Curia Romana &#8211; Tavola rotonda &#8211; 23\/11\/2023"},"content":{"rendered":"<p style=\"text-align: center;\"><strong>Gioved\u00ec 23 novembre 2023 alle ore 16,30<\/strong><\/p>\n<p style=\"text-align: center;\">si terr\u00e0 la <span style=\"color: #0000ff;\"><a style=\"color: #0000ff;\" href=\"https:\/\/www.diocesidiroma.it\/tribunaleprimaistanza\/wp-content\/uploads\/2023\/11\/Riunione-culturale-23nov2023.jpg\" target=\"_blank\" rel=\"noopener\">riunione culturale<\/a> <\/span>dell&#8217; Arcisodalizio della Curia Romana<\/p>\n<p style=\"text-align: center;\">sul tema: &#8220;Il diritto canonico nelle Universit\u00e0 Statali: &#8216;<em>status quaestionis<\/em>&#8216; e prospettive&#8221;.<\/p>\n<p><a href=\"https:\/\/www.diocesidiroma.it\/tribunaleprimaistanza\/wp-content\/uploads\/2023\/11\/Riunione-culturale-23nov2023.jpg\"><img loading=\"lazy\" decoding=\"async\" class=\"size-medium wp-image-1587 aligncenter\" src=\"https:\/\/www.diocesidiroma.it\/tribunaleprimaistanza\/wp-content\/uploads\/2023\/11\/Riunione-culturale-23nov2023-212x300.jpg\" alt=\"Il diritto canonico nelle Universit\u00e0 Statali\" width=\"212\" height=\"300\" srcset=\"https:\/\/www.diocesidiroma.it\/tribunaleprimaistanza\/wp-content\/uploads\/2023\/11\/Riunione-culturale-23nov2023-212x300.jpg 212w, https:\/\/www.diocesidiroma.it\/tribunaleprimaistanza\/wp-content\/uploads\/2023\/11\/Riunione-culturale-23nov2023-724x1024.jpg 724w, https:\/\/www.diocesidiroma.it\/tribunaleprimaistanza\/wp-content\/uploads\/2023\/11\/Riunione-culturale-23nov2023-768x1086.jpg 768w, https:\/\/www.diocesidiroma.it\/tribunaleprimaistanza\/wp-content\/uploads\/2023\/11\/Riunione-culturale-23nov2023-1086x1536.jpg 1086w, https:\/\/www.diocesidiroma.it\/tribunaleprimaistanza\/wp-content\/uploads\/2023\/11\/Riunione-culturale-23nov2023.jpg 1240w\" sizes=\"auto, (max-width: 212px) 100vw, 212px\" \/><\/a><\/p>\n","protected":false},"excerpt":{"rendered":"Gioved\u00ec 23 novembre 2023 alle ore 16,30 si terr\u00e0 la riunione culturale dell&#8217; Arcisodalizio della Curia Romana sul tema: &#8220;Il diritto canonico nelle Universit\u00e0 Statali: &#8216;status quaestionis&#8216; e prospettive&#8221;.","protected":false},"author":2,"featured_media":0,"comment_status":"closed","ping_status":"closed","sticky":false,"template":"","format":"standard","meta":{"footnotes":""},"categories":[12],"tags":[],"class_list":["post-1585","post","type-post","status-publish","format-standard","hentry","category-nulla"],"_links":{"self":[{"href":"https:\/\/www.diocesidiroma.it\/tribunaleprimaistanza\/index.php\/wp-json\/wp\/v2\/posts\/1585","targetHints":{"allow":["GET"]}}],"collection":[{"href":"https:\/\/www.diocesidiroma.it\/tribunaleprimaistanza\/index.php\/wp-json\/wp\/v2\/posts"}],"about":[{"href":"https:\/\/www.diocesidiroma.it\/tribunaleprimaistanza\/index.php\/wp-json\/wp\/v2\/types\/post"}],"author":[{"embeddable":true,"href":"https:\/\/www.diocesidiroma.it\/tribunaleprimaistanza\/index.php\/wp-json\/wp\/v2\/users\/2"}],"replies":[{"embeddable":true,"href":"https:\/\/www.diocesidiroma.it\/tribunaleprimaistanza\/index.php\/wp-json\/wp\/v2\/comments?post=1585"}],"version-history":[{"count":4,"href":"https:\/\/www.diocesidiroma.it\/tribunaleprimaistanza\/index.php\/wp-json\/wp\/v2\/posts\/1585\/revisions"}],"predecessor-version":[{"id":1595,"href":"https:\/\/www.diocesidiroma.it\/tribunaleprimaistanza\/index.php\/wp-json\/wp\/v2\/posts\/1585\/revisions\/1595"}],"wp:attachment":[{"href":"https:\/\/www.diocesidiroma.it\/tribunaleprimaistanza\/index.php\/wp-json\/wp\/v2\/media?parent=1585"}],"wp:term":[{"taxonomy":"category","embeddable":true,"href":"https:\/\/www.diocesidiroma.it\/tribunaleprimaistanza\/index.php\/wp-json\/wp\/v2\/categories?post=1585"},{"taxonomy":"post_tag","embeddable":true,"href":"https:\/\/www.diocesidiroma.it\/tribunaleprimaistanza\/index.php\/wp-json\/wp\/v2\/tags?post=1585"}],"curies":[{"name":"wp","href":"https:\/\/api.w.org\/{rel}","templated":true}]}}