{"id":1590,"date":"2023-11-20T12:07:31","date_gmt":"2023-11-20T11:07:31","guid":{"rendered":"https:\/\/www.diocesidiroma.it\/tribunaleprimaistanza\/?p=1590"},"modified":"2023-11-24T12:54:32","modified_gmt":"2023-11-24T11:54:32","slug":"riunione-culturale-arcisodalizio-della-curia-romana-23-11-2023","status":"publish","type":"post","link":"https:\/\/www.diocesidiroma.it\/tribunaleprimaistanza\/index.php\/riunione-culturale-arcisodalizio-della-curia-romana-23-11-2023\/","title":{"rendered":"Riunione culturale &#8211; Arcisodalizio della Curia Romana &#8211; 23\/11\/2023"},"content":{"rendered":"<p style=\"text-align: center;\"><strong>Gioved\u00ec 23 novembre 2023 alle ore 16,30<\/strong><\/p>\n<p style=\"text-align: center;\">si terr\u00e0 la <span style=\"color: #0000ff;\"><a style=\"color: #0000ff;\" href=\"https:\/\/www.diocesidiroma.it\/tribunaleprimaistanza\/wp-content\/uploads\/2023\/11\/Riunione-culturale-23nov2023.jpg\" target=\"_blank\" rel=\"noopener\">riunione culturale<\/a> <\/span>dell&#8217; Arcisodalizio della Curia Romana<\/p>\n<p style=\"text-align: center;\">sul tema: &#8220;Il diritto canonico nelle Universit\u00e0 Statali: &#8216;<em>status quaestionis<\/em>&#8216; e prospettive&#8221;.<\/p>\n","protected":false},"excerpt":{"rendered":"Gioved\u00ec 23 novembre 2023 alle ore 16,30 si terr\u00e0 la riunione culturale dell&#8217; Arcisodalizio della Curia Romana sul tema: &#8220;Il diritto canonico nelle Universit\u00e0 Statali: &#8216;status quaestionis&#8216; e prospettive&#8221;.","protected":false},"author":2,"featured_media":0,"comment_status":"closed","ping_status":"closed","sticky":false,"template":"","format":"standard","meta":{"footnotes":""},"categories":[12],"tags":[],"class_list":["post-1590","post","type-post","status-publish","format-standard","hentry","category-nulla"],"_links":{"self":[{"href":"https:\/\/www.diocesidiroma.it\/tribunaleprimaistanza\/index.php\/wp-json\/wp\/v2\/posts\/1590","targetHints":{"allow":["GET"]}}],"collection":[{"href":"https:\/\/www.diocesidiroma.it\/tribunaleprimaistanza\/index.php\/wp-json\/wp\/v2\/posts"}],"about":[{"href":"https:\/\/www.diocesidiroma.it\/tribunaleprimaistanza\/index.php\/wp-json\/wp\/v2\/types\/post"}],"author":[{"embeddable":true,"href":"https:\/\/www.diocesidiroma.it\/tribunaleprimaistanza\/index.php\/wp-json\/wp\/v2\/users\/2"}],"replies":[{"embeddable":true,"href":"https:\/\/www.diocesidiroma.it\/tribunaleprimaistanza\/index.php\/wp-json\/wp\/v2\/comments?post=1590"}],"version-history":[{"count":3,"href":"https:\/\/www.diocesidiroma.it\/tribunaleprimaistanza\/index.php\/wp-json\/wp\/v2\/posts\/1590\/revisions"}],"predecessor-version":[{"id":1594,"href":"https:\/\/www.diocesidiroma.it\/tribunaleprimaistanza\/index.php\/wp-json\/wp\/v2\/posts\/1590\/revisions\/1594"}],"wp:attachment":[{"href":"https:\/\/www.diocesidiroma.it\/tribunaleprimaistanza\/index.php\/wp-json\/wp\/v2\/media?parent=1590"}],"wp:term":[{"taxonomy":"category","embeddable":true,"href":"https:\/\/www.diocesidiroma.it\/tribunaleprimaistanza\/index.php\/wp-json\/wp\/v2\/categories?post=1590"},{"taxonomy":"post_tag","embeddable":true,"href":"https:\/\/www.diocesidiroma.it\/tribunaleprimaistanza\/index.php\/wp-json\/wp\/v2\/tags?post=1590"}],"curies":[{"name":"wp","href":"https:\/\/api.w.org\/{rel}","templated":true}]}}