{"id":1739,"date":"2024-04-03T14:31:44","date_gmt":"2024-04-03T12:31:44","guid":{"rendered":"https:\/\/www.diocesidiroma.it\/tribunaleprimaistanza\/?p=1739"},"modified":"2025-03-25T10:47:41","modified_gmt":"2025-03-25T09:47:41","slug":"sapienza-universita-di-roma-fac-giurisprudenza-presentazione-volume-11-aprile-2024","status":"publish","type":"post","link":"https:\/\/www.diocesidiroma.it\/tribunaleprimaistanza\/index.php\/sapienza-universita-di-roma-fac-giurisprudenza-presentazione-volume-11-aprile-2024\/","title":{"rendered":"11 aprile 2024 &#8211; Presentazione volume &#8211; Sapienza Universit\u00e0 di Roma &#8211; Fac. Giurisprudenza"},"content":{"rendered":"<p>&nbsp;<\/p>\n<p style=\"text-align: center;\"><span style=\"color: #000000;\"><strong><span style=\"color: #0000ff;\">Presentazione del volume<\/span><\/strong><\/span><\/p>\n<p style=\"text-align: center;\"><span style=\"color: #993300;\"><strong>INCAPACITA&#8217; MATRIMONIALE e SOCIETA&#8217; MODERNA<\/strong><\/span><\/p>\n<p style=\"text-align: justify;\">La S.V. \u00e8 cordialmente invitata a partecipare alla <span style=\"color: #000000;\">presentazione (<span style=\"color: #3366ff;\"><a style=\"color: #3366ff;\" href=\"https:\/\/www.diocesidiroma.it\/tribunaleprimaistanza\/wp-content\/uploads\/2024\/04\/Presentazione-volume-incapacita-11apr2024-scaled.jpg\" target=\"_blank\" rel=\"noopener\"><em>link<\/em> alla locandina<\/a><\/span>)<\/span> del volume <span style=\"color: #000000;\"><em><a style=\"color: #000000;\" href=\"https:\/\/www.diocesidiroma.it\/tribunaleprimaistanza\/index.php\/pubblicazioni\/\" target=\"_blank\" rel=\"noopener\">&#8220;Incapacit\u00e0 matrimoniale e societ\u00e0 moderna&#8221;<\/a><\/em><\/span>, che si terr\u00e0 <strong>gioved\u00ec 11 aprile<\/strong> 2024 alle <strong>ore 16.30<\/strong> presso la facolt\u00e0 di Giurisprudenza &#8211; aula 6 &#8211; della Sapienza Universit\u00e0 di Roma.<\/p>\n","protected":false},"excerpt":{"rendered":"&nbsp; Presentazione del volume INCAPACITA&#8217; MATRIMONIALE e SOCIETA&#8217; MODERNA La S.V. \u00e8 cordialmente invitata a partecipare alla presentazione (link alla locandina) del volume &#8220;Incapacit\u00e0 matrimoniale e societ\u00e0 moderna&#8221;, che si terr\u00e0 gioved\u00ec 11 aprile 2024 alle ore 16.30 presso la <a href=\"https:\/\/www.diocesidiroma.it\/tribunaleprimaistanza\/index.php\/sapienza-universita-di-roma-fac-giurisprudenza-presentazione-volume-11-aprile-2024\/\"> Read more&#8230;<\/a>","protected":false},"author":2,"featured_media":0,"comment_status":"closed","ping_status":"closed","sticky":false,"template":"","format":"standard","meta":{"footnotes":""},"categories":[1,26,20],"tags":[],"class_list":["post-1739","post","type-post","status-publish","format-standard","hentry","category-eventi","category-formazione","category-sapienza-2024"],"_links":{"self":[{"href":"https:\/\/www.diocesidiroma.it\/tribunaleprimaistanza\/index.php\/wp-json\/wp\/v2\/posts\/1739","targetHints":{"allow":["GET"]}}],"collection":[{"href":"https:\/\/www.diocesidiroma.it\/tribunaleprimaistanza\/index.php\/wp-json\/wp\/v2\/posts"}],"about":[{"href":"https:\/\/www.diocesidiroma.it\/tribunaleprimaistanza\/index.php\/wp-json\/wp\/v2\/types\/post"}],"author":[{"embeddable":true,"href":"https:\/\/www.diocesidiroma.it\/tribunaleprimaistanza\/index.php\/wp-json\/wp\/v2\/users\/2"}],"replies":[{"embeddable":true,"href":"https:\/\/www.diocesidiroma.it\/tribunaleprimaistanza\/index.php\/wp-json\/wp\/v2\/comments?post=1739"}],"version-history":[{"count":14,"href":"https:\/\/www.diocesidiroma.it\/tribunaleprimaistanza\/index.php\/wp-json\/wp\/v2\/posts\/1739\/revisions"}],"predecessor-version":[{"id":1773,"href":"https:\/\/www.diocesidiroma.it\/tribunaleprimaistanza\/index.php\/wp-json\/wp\/v2\/posts\/1739\/revisions\/1773"}],"wp:attachment":[{"href":"https:\/\/www.diocesidiroma.it\/tribunaleprimaistanza\/index.php\/wp-json\/wp\/v2\/media?parent=1739"}],"wp:term":[{"taxonomy":"category","embeddable":true,"href":"https:\/\/www.diocesidiroma.it\/tribunaleprimaistanza\/index.php\/wp-json\/wp\/v2\/categories?post=1739"},{"taxonomy":"post_tag","embeddable":true,"href":"https:\/\/www.diocesidiroma.it\/tribunaleprimaistanza\/index.php\/wp-json\/wp\/v2\/tags?post=1739"}],"curies":[{"name":"wp","href":"https:\/\/api.w.org\/{rel}","templated":true}]}}