{"id":1781,"date":"2024-04-18T17:37:28","date_gmt":"2024-04-18T15:37:28","guid":{"rendered":"https:\/\/www.diocesidiroma.it\/tribunaleprimaistanza\/?p=1781"},"modified":"2024-04-30T12:37:31","modified_gmt":"2024-04-30T10:37:31","slug":"seminario-19-04-2024-fac-giurisprudenza-sapienza-universita-di-roma","status":"publish","type":"post","link":"https:\/\/www.diocesidiroma.it\/tribunaleprimaistanza\/index.php\/seminario-19-04-2024-fac-giurisprudenza-sapienza-universita-di-roma\/","title":{"rendered":"Seminario 19\/04\/ 2024 &#8211; Fac. Giurisprudenza &#8211; Sapienza Universit\u00e0 di Roma"},"content":{"rendered":"<p>&nbsp;<\/p>\n<p style=\"text-align: center;\"><span style=\"color: #0000ff;\"><b>CICLO DI SEMINARI 2024<\/b><\/span><\/p>\n<p style=\"text-align: center;\"><strong>promosso dalla Facolt\u00e0 di Giurisprudenza &#8211; Dipartimento di Studi Giuridici ed Economici &#8211; Sapienza Universit\u00e0 di Roma<\/strong><\/p>\n<p style=\"text-align: center;\"><em>corso di Diritto Canonico e corso di Diritto Ecclesiastico (A-L)<\/em><\/p>\n<p>&nbsp;<\/p>\n<p><strong>SECONDO SEMINARIO<\/strong><\/p>\n<p style=\"text-align: justify;\">venerd\u00ec <strong>19 aprile<\/strong> 2024 &#8211; <strong>ore 14<\/strong>\u00a0 \u00a0 \u00a0<span style=\"color: #993300;\"><strong><a style=\"color: #993300;\" href=\"https:\/\/www.diocesidiroma.it\/tribunaleprimaistanza\/wp-content\/uploads\/2024\/04\/Seminario-Mons-Stagliano-19apr2024-scaled.jpg\" target=\"_blank\" rel=\"noopener\">&#8220;L&#8217;incidenza della dimensione religiosa nella societ\u00e0 civile e i rapporti Stato-Chiesa&#8221;<\/a><\/strong><\/span><\/p>\n<p style=\"text-align: justify;\">Mons. A. Staglian\u00f2, Presidente Pontificia Accademia di Teologia<\/p>\n<p>&nbsp;<\/p>\n","protected":false},"excerpt":{"rendered":"&nbsp; CICLO DI SEMINARI 2024 promosso dalla Facolt\u00e0 di Giurisprudenza &#8211; Dipartimento di Studi Giuridici ed Economici &#8211; Sapienza Universit\u00e0 di Roma corso di Diritto Canonico e corso di Diritto Ecclesiastico (A-L) &nbsp; SECONDO SEMINARIO venerd\u00ec 19 aprile 2024 &#8211; <a href=\"https:\/\/www.diocesidiroma.it\/tribunaleprimaistanza\/index.php\/seminario-19-04-2024-fac-giurisprudenza-sapienza-universita-di-roma\/\"> Read more&#8230;<\/a>","protected":false},"author":2,"featured_media":0,"comment_status":"closed","ping_status":"closed","sticky":false,"template":"","format":"standard","meta":{"footnotes":""},"categories":[1,20],"tags":[],"class_list":["post-1781","post","type-post","status-publish","format-standard","hentry","category-eventi","category-sapienza-2024"],"_links":{"self":[{"href":"https:\/\/www.diocesidiroma.it\/tribunaleprimaistanza\/index.php\/wp-json\/wp\/v2\/posts\/1781","targetHints":{"allow":["GET"]}}],"collection":[{"href":"https:\/\/www.diocesidiroma.it\/tribunaleprimaistanza\/index.php\/wp-json\/wp\/v2\/posts"}],"about":[{"href":"https:\/\/www.diocesidiroma.it\/tribunaleprimaistanza\/index.php\/wp-json\/wp\/v2\/types\/post"}],"author":[{"embeddable":true,"href":"https:\/\/www.diocesidiroma.it\/tribunaleprimaistanza\/index.php\/wp-json\/wp\/v2\/users\/2"}],"replies":[{"embeddable":true,"href":"https:\/\/www.diocesidiroma.it\/tribunaleprimaistanza\/index.php\/wp-json\/wp\/v2\/comments?post=1781"}],"version-history":[{"count":4,"href":"https:\/\/www.diocesidiroma.it\/tribunaleprimaistanza\/index.php\/wp-json\/wp\/v2\/posts\/1781\/revisions"}],"predecessor-version":[{"id":1834,"href":"https:\/\/www.diocesidiroma.it\/tribunaleprimaistanza\/index.php\/wp-json\/wp\/v2\/posts\/1781\/revisions\/1834"}],"wp:attachment":[{"href":"https:\/\/www.diocesidiroma.it\/tribunaleprimaistanza\/index.php\/wp-json\/wp\/v2\/media?parent=1781"}],"wp:term":[{"taxonomy":"category","embeddable":true,"href":"https:\/\/www.diocesidiroma.it\/tribunaleprimaistanza\/index.php\/wp-json\/wp\/v2\/categories?post=1781"},{"taxonomy":"post_tag","embeddable":true,"href":"https:\/\/www.diocesidiroma.it\/tribunaleprimaistanza\/index.php\/wp-json\/wp\/v2\/tags?post=1781"}],"curies":[{"name":"wp","href":"https:\/\/api.w.org\/{rel}","templated":true}]}}