{"id":1783,"date":"2024-05-02T08:39:43","date_gmt":"2024-05-02T06:39:43","guid":{"rendered":"https:\/\/www.diocesidiroma.it\/tribunaleprimaistanza\/?p=1783"},"modified":"2024-05-06T13:59:12","modified_gmt":"2024-05-06T11:59:12","slug":"seminario-03-05-2024-fac-giurisprudenza-sapienza-universita-di-roma","status":"publish","type":"post","link":"https:\/\/www.diocesidiroma.it\/tribunaleprimaistanza\/index.php\/seminario-03-05-2024-fac-giurisprudenza-sapienza-universita-di-roma\/","title":{"rendered":"Seminario 03\/05\/2024 &#8211; Fac. Giurisprudenza &#8211; Sapienza Universit\u00e0 di Roma"},"content":{"rendered":"<p>&nbsp;<\/p>\n<p style=\"text-align: center;\"><span style=\"color: #0000ff;\"><b>CICLO DI SEMINARI 2024<\/b><\/span><\/p>\n<p style=\"text-align: center;\"><strong>promosso dalla Facolt\u00e0 di Giurisprudenza &#8211; Dipartimento di Studi Giuridici ed Economici &#8211; Sapienza Universit\u00e0 di Roma<\/strong><\/p>\n<p style=\"text-align: center;\"><em>corso di Diritto Canonico e corso di Diritto Ecclesiastico (A-L)<\/em><\/p>\n<p>&nbsp;<\/p>\n<p><strong>TERZO SEMINARIO<\/strong><\/p>\n<p style=\"text-align: justify;\">venerd\u00ec <strong>3 maggio <\/strong>2024 &#8211; <strong>ore 17<\/strong>\u00a0 \u00a0 <strong><span style=\"color: #993300;\"><a style=\"color: #993300;\" href=\"https:\/\/www.diocesidiroma.it\/tribunaleprimaistanza\/wp-content\/uploads\/2024\/04\/Seminario-Mons-Stagliano-3mag2024-scaled.jpg\" target=\"_blank\" rel=\"noopener\">&#8220;Il concilio Vaticano II: un evento in grado di cambiare la storia della Chiesa&#8221;<\/a><\/span><\/strong><\/p>\n<p style=\"text-align: justify;\">Mons. A. Staglian\u00f2, Presidente Pontificia Accademia di Teologia<\/p>\n<p>&nbsp;<\/p>\n","protected":false},"excerpt":{"rendered":"&nbsp; CICLO DI SEMINARI 2024 promosso dalla Facolt\u00e0 di Giurisprudenza &#8211; Dipartimento di Studi Giuridici ed Economici &#8211; Sapienza Universit\u00e0 di Roma corso di Diritto Canonico e corso di Diritto Ecclesiastico (A-L) &nbsp; TERZO SEMINARIO venerd\u00ec 3 maggio 2024 &#8211; <a href=\"https:\/\/www.diocesidiroma.it\/tribunaleprimaistanza\/index.php\/seminario-03-05-2024-fac-giurisprudenza-sapienza-universita-di-roma\/\"> Read more&#8230;<\/a>","protected":false},"author":2,"featured_media":0,"comment_status":"closed","ping_status":"closed","sticky":false,"template":"","format":"standard","meta":{"footnotes":""},"categories":[1,20],"tags":[],"class_list":["post-1783","post","type-post","status-publish","format-standard","hentry","category-eventi","category-sapienza-2024"],"_links":{"self":[{"href":"https:\/\/www.diocesidiroma.it\/tribunaleprimaistanza\/index.php\/wp-json\/wp\/v2\/posts\/1783","targetHints":{"allow":["GET"]}}],"collection":[{"href":"https:\/\/www.diocesidiroma.it\/tribunaleprimaistanza\/index.php\/wp-json\/wp\/v2\/posts"}],"about":[{"href":"https:\/\/www.diocesidiroma.it\/tribunaleprimaistanza\/index.php\/wp-json\/wp\/v2\/types\/post"}],"author":[{"embeddable":true,"href":"https:\/\/www.diocesidiroma.it\/tribunaleprimaistanza\/index.php\/wp-json\/wp\/v2\/users\/2"}],"replies":[{"embeddable":true,"href":"https:\/\/www.diocesidiroma.it\/tribunaleprimaistanza\/index.php\/wp-json\/wp\/v2\/comments?post=1783"}],"version-history":[{"count":4,"href":"https:\/\/www.diocesidiroma.it\/tribunaleprimaistanza\/index.php\/wp-json\/wp\/v2\/posts\/1783\/revisions"}],"predecessor-version":[{"id":1838,"href":"https:\/\/www.diocesidiroma.it\/tribunaleprimaistanza\/index.php\/wp-json\/wp\/v2\/posts\/1783\/revisions\/1838"}],"wp:attachment":[{"href":"https:\/\/www.diocesidiroma.it\/tribunaleprimaistanza\/index.php\/wp-json\/wp\/v2\/media?parent=1783"}],"wp:term":[{"taxonomy":"category","embeddable":true,"href":"https:\/\/www.diocesidiroma.it\/tribunaleprimaistanza\/index.php\/wp-json\/wp\/v2\/categories?post=1783"},{"taxonomy":"post_tag","embeddable":true,"href":"https:\/\/www.diocesidiroma.it\/tribunaleprimaistanza\/index.php\/wp-json\/wp\/v2\/tags?post=1783"}],"curies":[{"name":"wp","href":"https:\/\/api.w.org\/{rel}","templated":true}]}}