{"id":1791,"date":"2024-04-17T17:50:05","date_gmt":"2024-04-17T15:50:05","guid":{"rendered":"https:\/\/www.diocesidiroma.it\/tribunaleprimaistanza\/?p=1791"},"modified":"2025-03-25T10:47:18","modified_gmt":"2025-03-25T09:47:18","slug":"lezioni-aperte-2024-fac-diritto-canonico-pontificia-universita-lateranense","status":"publish","type":"post","link":"https:\/\/www.diocesidiroma.it\/tribunaleprimaistanza\/index.php\/lezioni-aperte-2024-fac-diritto-canonico-pontificia-universita-lateranense\/","title":{"rendered":"Lezioni aperte 2024 &#8211; Facolt\u00e0 di Diritto Canonico &#8211; Pontificia Universit\u00e0 Lateranense"},"content":{"rendered":"<p>&nbsp;<\/p>\n<p style=\"text-align: center;\"><a href=\"https:\/\/www.diocesidiroma.it\/tribunaleprimaistanza\/wp-content\/uploads\/2024\/04\/Lezioni-aperte-PUL-2024.jpg\" target=\"_blank\" rel=\"noopener\"><span style=\"color: #0000ff;\"><b>LEZIONI APERTE 2024<\/b><\/span><\/a><\/p>\n<p style=\"text-align: center;\"><strong>promosse dalla cattedra del corso 20341 &#8220;Antropologia, diritto canonico e personalismo&#8221;<\/strong><\/p>\n<p style=\"text-align: center;\"><strong>Facolt\u00e0 di Diritto Canonico &#8211; Pontificia Universit\u00e0 Lateranense<\/strong><\/p>\n<p style=\"text-align: center;\"><span style=\"color: #0000ff;\"><a style=\"color: #0000ff;\" href=\"https:\/\/www.diocesidiroma.it\/tribunaleprimaistanza\/wp-content\/uploads\/2024\/04\/Lezioni-aperte-PUL-2024.jpg\" target=\"_blank\" rel=\"noopener\"><strong>LESSICO PER UNA ONTOLOGIA DEL PLURALISMO &#8220;ASCOLTARE&#8221;<\/strong><\/a><\/span><\/p>\n<p style=\"text-align: center;\">(<span style=\"color: #000000;\"><a style=\"color: #000000;\" href=\"https:\/\/www.diocesidiroma.it\/tribunaleprimaistanza\/wp-content\/uploads\/2024\/05\/Lezioni-aperte-PUL-2024.jpg\" target=\"_blank\" rel=\"noopener\">link alla locandina<\/a><\/span>)<\/p>\n<p>&nbsp;<\/p>\n<p style=\"text-align: justify;\">gioved\u00ec <strong>18 aprile <\/strong>2024 &#8211; <strong>ore 15<\/strong>\u00a0 \u00a0 \u00a0 \u00a0 \u00a0 <strong><span style=\"color: #993300;\">&#8220;L&#8217;ascolto del minore: un diritto ad esprimere se stesso&#8221;<\/span><\/strong><\/p>\n<p style=\"text-align: justify;\">marted\u00ec <strong>7 maggio <\/strong>2024 &#8211; <strong>ore 12<\/strong>\u00a0 \u00a0 \u00a0\u00a0<strong><span style=\"color: #993300;\">&#8220;L&#8217;ascolto della fragilit\u00e0: la narrazione del diritto canonico (il can. 1095 e l&#8217;ascolto del reo)&#8221;<\/span><\/strong><\/p>\n<p>&nbsp;<\/p>\n","protected":false},"excerpt":{"rendered":"&nbsp; LEZIONI APERTE 2024 promosse dalla cattedra del corso 20341 &#8220;Antropologia, diritto canonico e personalismo&#8221; Facolt\u00e0 di Diritto Canonico &#8211; Pontificia Universit\u00e0 Lateranense LESSICO PER UNA ONTOLOGIA DEL PLURALISMO &#8220;ASCOLTARE&#8221; (link alla locandina) &nbsp; gioved\u00ec 18 aprile 2024 &#8211; ore <a href=\"https:\/\/www.diocesidiroma.it\/tribunaleprimaistanza\/index.php\/lezioni-aperte-2024-fac-diritto-canonico-pontificia-universita-lateranense\/\"> Read more&#8230;<\/a>","protected":false},"author":2,"featured_media":0,"comment_status":"closed","ping_status":"closed","sticky":false,"template":"","format":"standard","meta":{"footnotes":""},"categories":[1,26,21],"tags":[],"class_list":["post-1791","post","type-post","status-publish","format-standard","hentry","category-eventi","category-formazione","category-lateranense-2024"],"_links":{"self":[{"href":"https:\/\/www.diocesidiroma.it\/tribunaleprimaistanza\/index.php\/wp-json\/wp\/v2\/posts\/1791","targetHints":{"allow":["GET"]}}],"collection":[{"href":"https:\/\/www.diocesidiroma.it\/tribunaleprimaistanza\/index.php\/wp-json\/wp\/v2\/posts"}],"about":[{"href":"https:\/\/www.diocesidiroma.it\/tribunaleprimaistanza\/index.php\/wp-json\/wp\/v2\/types\/post"}],"author":[{"embeddable":true,"href":"https:\/\/www.diocesidiroma.it\/tribunaleprimaistanza\/index.php\/wp-json\/wp\/v2\/users\/2"}],"replies":[{"embeddable":true,"href":"https:\/\/www.diocesidiroma.it\/tribunaleprimaistanza\/index.php\/wp-json\/wp\/v2\/comments?post=1791"}],"version-history":[{"count":11,"href":"https:\/\/www.diocesidiroma.it\/tribunaleprimaistanza\/index.php\/wp-json\/wp\/v2\/posts\/1791\/revisions"}],"predecessor-version":[{"id":1844,"href":"https:\/\/www.diocesidiroma.it\/tribunaleprimaistanza\/index.php\/wp-json\/wp\/v2\/posts\/1791\/revisions\/1844"}],"wp:attachment":[{"href":"https:\/\/www.diocesidiroma.it\/tribunaleprimaistanza\/index.php\/wp-json\/wp\/v2\/media?parent=1791"}],"wp:term":[{"taxonomy":"category","embeddable":true,"href":"https:\/\/www.diocesidiroma.it\/tribunaleprimaistanza\/index.php\/wp-json\/wp\/v2\/categories?post=1791"},{"taxonomy":"post_tag","embeddable":true,"href":"https:\/\/www.diocesidiroma.it\/tribunaleprimaistanza\/index.php\/wp-json\/wp\/v2\/tags?post=1791"}],"curies":[{"name":"wp","href":"https:\/\/api.w.org\/{rel}","templated":true}]}}