{"id":1821,"date":"2024-04-22T08:36:27","date_gmt":"2024-04-22T06:36:27","guid":{"rendered":"https:\/\/www.diocesidiroma.it\/tribunaleprimaistanza\/?p=1821"},"modified":"2024-04-30T12:33:32","modified_gmt":"2024-04-30T10:33:32","slug":"convegno-29-aprile-2024-facolta-di-diritto-canonico-pontificia-universita-lateranense","status":"publish","type":"post","link":"https:\/\/www.diocesidiroma.it\/tribunaleprimaistanza\/index.php\/convegno-29-aprile-2024-facolta-di-diritto-canonico-pontificia-universita-lateranense\/","title":{"rendered":"Convegno 29 aprile 2024 &#8211; Fac. di Diritto Canonico &#8211; Pont. Universit\u00e0 Lateranense"},"content":{"rendered":"<p>&nbsp;<\/p>\n<p style=\"text-align: center;\"><span style=\"color: #000000;\"><b>CONVEGNO<\/b><\/span><\/p>\n<p style=\"text-align: center;\"><span style=\"color: #993300;\"><a style=\"color: #993300;\" href=\"https:\/\/www.diocesidiroma.it\/tribunaleprimaistanza\/wp-content\/uploads\/2024\/04\/Ruolo-e-interesse-della-dottrina-PUL-29apr2024-scaled.jpg\" target=\"_blank\" rel=\"noopener\"><strong>IL RUOLO E L&#8217;INTERESSE DELLA DOTTRINA E DELLA GIURISPRUDENZA NEL DIRITTO CANONICO<\/strong><\/a><\/span><\/p>\n<p style=\"text-align: center;\">(<span style=\"color: #000000;\"><a style=\"color: #000000;\" href=\"https:\/\/www.diocesidiroma.it\/tribunaleprimaistanza\/wp-content\/uploads\/2024\/04\/Ruolo-e-interesse-della-dottrina-PUL-29apr2024-scaled.jpg\" target=\"_blank\" rel=\"noopener\">link alla locandina<\/a><\/span>)<\/p>\n<p>&nbsp;<\/p>\n<p style=\"text-align: justify;\">L&#8217;incontro si terr\u00e0 <strong>luned\u00ec 29 aprile<\/strong> 2024 alle <strong>ore 11.00 <\/strong>presso l&#8217;aula Paolo VI della Pontificia Universit\u00e0 Lateranense.<\/p>\n<p>&nbsp;<\/p>\n","protected":false},"excerpt":{"rendered":"&nbsp; CONVEGNO IL RUOLO E L&#8217;INTERESSE DELLA DOTTRINA E DELLA GIURISPRUDENZA NEL DIRITTO CANONICO (link alla locandina) &nbsp; L&#8217;incontro si terr\u00e0 luned\u00ec 29 aprile 2024 alle ore 11.00 presso l&#8217;aula Paolo VI della Pontificia Universit\u00e0 Lateranense. &nbsp;","protected":false},"author":2,"featured_media":0,"comment_status":"closed","ping_status":"closed","sticky":false,"template":"","format":"standard","meta":{"footnotes":""},"categories":[1,21],"tags":[],"class_list":["post-1821","post","type-post","status-publish","format-standard","hentry","category-eventi","category-lateranense-2024"],"_links":{"self":[{"href":"https:\/\/www.diocesidiroma.it\/tribunaleprimaistanza\/index.php\/wp-json\/wp\/v2\/posts\/1821","targetHints":{"allow":["GET"]}}],"collection":[{"href":"https:\/\/www.diocesidiroma.it\/tribunaleprimaistanza\/index.php\/wp-json\/wp\/v2\/posts"}],"about":[{"href":"https:\/\/www.diocesidiroma.it\/tribunaleprimaistanza\/index.php\/wp-json\/wp\/v2\/types\/post"}],"author":[{"embeddable":true,"href":"https:\/\/www.diocesidiroma.it\/tribunaleprimaistanza\/index.php\/wp-json\/wp\/v2\/users\/2"}],"replies":[{"embeddable":true,"href":"https:\/\/www.diocesidiroma.it\/tribunaleprimaistanza\/index.php\/wp-json\/wp\/v2\/comments?post=1821"}],"version-history":[{"count":5,"href":"https:\/\/www.diocesidiroma.it\/tribunaleprimaistanza\/index.php\/wp-json\/wp\/v2\/posts\/1821\/revisions"}],"predecessor-version":[{"id":1829,"href":"https:\/\/www.diocesidiroma.it\/tribunaleprimaistanza\/index.php\/wp-json\/wp\/v2\/posts\/1821\/revisions\/1829"}],"wp:attachment":[{"href":"https:\/\/www.diocesidiroma.it\/tribunaleprimaistanza\/index.php\/wp-json\/wp\/v2\/media?parent=1821"}],"wp:term":[{"taxonomy":"category","embeddable":true,"href":"https:\/\/www.diocesidiroma.it\/tribunaleprimaistanza\/index.php\/wp-json\/wp\/v2\/categories?post=1821"},{"taxonomy":"post_tag","embeddable":true,"href":"https:\/\/www.diocesidiroma.it\/tribunaleprimaistanza\/index.php\/wp-json\/wp\/v2\/tags?post=1821"}],"curies":[{"name":"wp","href":"https:\/\/api.w.org\/{rel}","templated":true}]}}