{"id":1864,"date":"2024-12-11T12:18:58","date_gmt":"2024-12-11T11:18:58","guid":{"rendered":"https:\/\/www.diocesidiroma.it\/tribunaleprimaistanza\/?p=1864"},"modified":"2025-01-08T15:21:35","modified_gmt":"2025-01-08T14:21:35","slug":"avviso-chiusura-tribunale-2","status":"publish","type":"post","link":"https:\/\/www.diocesidiroma.it\/tribunaleprimaistanza\/index.php\/avviso-chiusura-tribunale-2\/","title":{"rendered":"Avviso chiusura Tribunale"},"content":{"rendered":"<p style=\"text-align: justify;\">Il <b>TRIBUNALE,\u00a0<\/b>la <strong>CANCELLERIA<\/strong> e l&#8217;<strong>AMMINISTRAZIONE<\/strong> rimarranno chiusi al pubblico nei seguenti giorni:<\/p>\n<ul>\n<li><strong>marted\u00ec 17 dicembre 2024<\/strong> (Ritiro spirituale del personale)<\/li>\n<li><strong>da marted\u00ec 24 dicembre 2024 a luned\u00ec 6 gennaio 2025<\/strong> in occasione delle festivit\u00e0 natalizie (<em>in questo periodo i termini di legge saranno sospesi, ex art. 25 \u00a73 Regolamento del Tribunale<\/em>).<\/li>\n<\/ul>\n<p>Inoltre, <strong>mercoled\u00ec 18 dicembre 2024<\/strong> il Tribunale rimarr\u00e0 <strong>chiuso dalle ore 11 alle ore 12, <\/strong>in occasione degli auguri di Natale del Cardinale Vicario.<\/p>\n<p>&nbsp;<\/p>\n","protected":false},"excerpt":{"rendered":"Il TRIBUNALE,\u00a0la CANCELLERIA e l&#8217;AMMINISTRAZIONE rimarranno chiusi al pubblico nei seguenti giorni: marted\u00ec 17 dicembre 2024 (Ritiro spirituale del personale) da marted\u00ec 24 dicembre 2024 a luned\u00ec 6 gennaio 2025 in occasione delle festivit\u00e0 natalizie (in questo periodo i termini <a href=\"https:\/\/www.diocesidiroma.it\/tribunaleprimaistanza\/index.php\/avviso-chiusura-tribunale-2\/\"> Read more&#8230;<\/a>","protected":false},"author":2,"featured_media":0,"comment_status":"closed","ping_status":"closed","sticky":false,"template":"","format":"standard","meta":{"footnotes":""},"categories":[1],"tags":[],"class_list":["post-1864","post","type-post","status-publish","format-standard","hentry","category-eventi"],"_links":{"self":[{"href":"https:\/\/www.diocesidiroma.it\/tribunaleprimaistanza\/index.php\/wp-json\/wp\/v2\/posts\/1864","targetHints":{"allow":["GET"]}}],"collection":[{"href":"https:\/\/www.diocesidiroma.it\/tribunaleprimaistanza\/index.php\/wp-json\/wp\/v2\/posts"}],"about":[{"href":"https:\/\/www.diocesidiroma.it\/tribunaleprimaistanza\/index.php\/wp-json\/wp\/v2\/types\/post"}],"author":[{"embeddable":true,"href":"https:\/\/www.diocesidiroma.it\/tribunaleprimaistanza\/index.php\/wp-json\/wp\/v2\/users\/2"}],"replies":[{"embeddable":true,"href":"https:\/\/www.diocesidiroma.it\/tribunaleprimaistanza\/index.php\/wp-json\/wp\/v2\/comments?post=1864"}],"version-history":[{"count":15,"href":"https:\/\/www.diocesidiroma.it\/tribunaleprimaistanza\/index.php\/wp-json\/wp\/v2\/posts\/1864\/revisions"}],"predecessor-version":[{"id":2049,"href":"https:\/\/www.diocesidiroma.it\/tribunaleprimaistanza\/index.php\/wp-json\/wp\/v2\/posts\/1864\/revisions\/2049"}],"wp:attachment":[{"href":"https:\/\/www.diocesidiroma.it\/tribunaleprimaistanza\/index.php\/wp-json\/wp\/v2\/media?parent=1864"}],"wp:term":[{"taxonomy":"category","embeddable":true,"href":"https:\/\/www.diocesidiroma.it\/tribunaleprimaistanza\/index.php\/wp-json\/wp\/v2\/categories?post=1864"},{"taxonomy":"post_tag","embeddable":true,"href":"https:\/\/www.diocesidiroma.it\/tribunaleprimaistanza\/index.php\/wp-json\/wp\/v2\/tags?post=1864"}],"curies":[{"name":"wp","href":"https:\/\/api.w.org\/{rel}","templated":true}]}}