{"id":2185,"date":"2025-04-14T11:09:16","date_gmt":"2025-04-14T09:09:16","guid":{"rendered":"https:\/\/www.diocesidiroma.it\/tribunaleprimaistanza\/?p=2185"},"modified":"2025-04-30T10:13:53","modified_gmt":"2025-04-30T08:13:53","slug":"avviso-chiusura-tribunale-3","status":"publish","type":"post","link":"https:\/\/www.diocesidiroma.it\/tribunaleprimaistanza\/index.php\/avviso-chiusura-tribunale-3\/","title":{"rendered":"Avviso chiusura Tribunale"},"content":{"rendered":"<p style=\"text-align: justify;\">In concomitanza con la chiusura del Palazzo Lateranense, il Tribunale di Prima Istanza <strong>chiude<\/strong>\u00a0dalle <strong>ore 12,30<\/strong> di <strong>mercoled\u00ec 16 a luned\u00ec 21 aprile 2025,<\/strong> in occasione delle festivit\u00e0 pasquali<strong>.<\/strong><\/p>\n<p style=\"text-align: justify;\">Si informa altres\u00ec che il Tribunale rimarr\u00e0 <strong>chiuso<\/strong> il giorno <b>venerd\u00ec 2 maggio 2025<\/b>.<\/p>\n<p>A norma del Regolamento, i termini di legge sono sospesi, salvo nel caso di impugnativa della sentenza.<\/p>\n","protected":false},"excerpt":{"rendered":"In concomitanza con la chiusura del Palazzo Lateranense, il Tribunale di Prima Istanza chiude\u00a0dalle ore 12,30 di mercoled\u00ec 16 a luned\u00ec 21 aprile 2025, in occasione delle festivit\u00e0 pasquali. Si informa altres\u00ec che il Tribunale rimarr\u00e0 chiuso il giorno venerd\u00ec <a href=\"https:\/\/www.diocesidiroma.it\/tribunaleprimaistanza\/index.php\/avviso-chiusura-tribunale-3\/\"> Read more&#8230;<\/a>","protected":false},"author":2,"featured_media":0,"comment_status":"closed","ping_status":"closed","sticky":false,"template":"","format":"standard","meta":{"footnotes":""},"categories":[1],"tags":[],"class_list":["post-2185","post","type-post","status-publish","format-standard","hentry","category-eventi"],"_links":{"self":[{"href":"https:\/\/www.diocesidiroma.it\/tribunaleprimaistanza\/index.php\/wp-json\/wp\/v2\/posts\/2185","targetHints":{"allow":["GET"]}}],"collection":[{"href":"https:\/\/www.diocesidiroma.it\/tribunaleprimaistanza\/index.php\/wp-json\/wp\/v2\/posts"}],"about":[{"href":"https:\/\/www.diocesidiroma.it\/tribunaleprimaistanza\/index.php\/wp-json\/wp\/v2\/types\/post"}],"author":[{"embeddable":true,"href":"https:\/\/www.diocesidiroma.it\/tribunaleprimaistanza\/index.php\/wp-json\/wp\/v2\/users\/2"}],"replies":[{"embeddable":true,"href":"https:\/\/www.diocesidiroma.it\/tribunaleprimaistanza\/index.php\/wp-json\/wp\/v2\/comments?post=2185"}],"version-history":[{"count":2,"href":"https:\/\/www.diocesidiroma.it\/tribunaleprimaistanza\/index.php\/wp-json\/wp\/v2\/posts\/2185\/revisions"}],"predecessor-version":[{"id":2190,"href":"https:\/\/www.diocesidiroma.it\/tribunaleprimaistanza\/index.php\/wp-json\/wp\/v2\/posts\/2185\/revisions\/2190"}],"wp:attachment":[{"href":"https:\/\/www.diocesidiroma.it\/tribunaleprimaistanza\/index.php\/wp-json\/wp\/v2\/media?parent=2185"}],"wp:term":[{"taxonomy":"category","embeddable":true,"href":"https:\/\/www.diocesidiroma.it\/tribunaleprimaistanza\/index.php\/wp-json\/wp\/v2\/categories?post=2185"},{"taxonomy":"post_tag","embeddable":true,"href":"https:\/\/www.diocesidiroma.it\/tribunaleprimaistanza\/index.php\/wp-json\/wp\/v2\/tags?post=2185"}],"curies":[{"name":"wp","href":"https:\/\/api.w.org\/{rel}","templated":true}]}}