{"id":2207,"date":"2025-05-05T13:01:19","date_gmt":"2025-05-05T11:01:19","guid":{"rendered":"https:\/\/www.diocesidiroma.it\/tribunaleprimaistanza\/?p=2207"},"modified":"2025-05-21T14:51:22","modified_gmt":"2025-05-21T12:51:22","slug":"https-www-diocesidiroma-it-tribunaleprimaistanza-wp-content-uploads-2025-04-ia_cattedra-roberti_20maggio2025-scaled-jpg","status":"publish","type":"post","link":"https:\/\/www.diocesidiroma.it\/tribunaleprimaistanza\/index.php\/https-www-diocesidiroma-it-tribunaleprimaistanza-wp-content-uploads-2025-04-ia_cattedra-roberti_20maggio2025-scaled-jpg\/","title":{"rendered":"Convegno 20 maggio 2025 &#8211; Fac. di Diritto Canonico &#8211; Cattedra Roberti &#8211; Pont. Universit\u00e0 Lateranense"},"content":{"rendered":"<p>&nbsp;<\/p>\n<p style=\"text-align: center;\"><a href=\"https:\/\/www.diocesidiroma.it\/tribunaleprimaistanza\/wp-content\/uploads\/2025\/04\/IA_Cattedra-Roberti_20maggio2025-scaled.jpg\"><span style=\"color: #000000;\"><b>CONVEGNO<\/b><\/span><\/a><\/p>\n<p style=\"text-align: center;\"><a href=\"https:\/\/www.diocesidiroma.it\/tribunaleprimaistanza\/wp-content\/uploads\/2025\/04\/IA_Cattedra-Roberti_20maggio2025-scaled.jpg\"><span style=\"color: #993300;\"><b>IA: aspetti etici e profili giuridici in comparazione. Prospettive e limiti applicativi<\/b><\/span><\/a><\/p>\n<p style=\"text-align: center;\"><a href=\"https:\/\/www.diocesidiroma.it\/tribunaleprimaistanza\/wp-content\/uploads\/2025\/04\/IA_Cattedra-Roberti_20maggio2025-scaled.jpg\"><img loading=\"lazy\" decoding=\"async\" class=\"aligncenter size-medium wp-image-2206\" src=\"https:\/\/www.diocesidiroma.it\/tribunaleprimaistanza\/wp-content\/uploads\/2025\/04\/IA_Cattedra-Roberti_20maggio2025-212x300.jpg\" alt=\"\" width=\"212\" height=\"300\" srcset=\"https:\/\/www.diocesidiroma.it\/tribunaleprimaistanza\/wp-content\/uploads\/2025\/04\/IA_Cattedra-Roberti_20maggio2025-212x300.jpg 212w, https:\/\/www.diocesidiroma.it\/tribunaleprimaistanza\/wp-content\/uploads\/2025\/04\/IA_Cattedra-Roberti_20maggio2025-724x1024.jpg 724w, https:\/\/www.diocesidiroma.it\/tribunaleprimaistanza\/wp-content\/uploads\/2025\/04\/IA_Cattedra-Roberti_20maggio2025-768x1086.jpg 768w, https:\/\/www.diocesidiroma.it\/tribunaleprimaistanza\/wp-content\/uploads\/2025\/04\/IA_Cattedra-Roberti_20maggio2025-1086x1536.jpg 1086w, https:\/\/www.diocesidiroma.it\/tribunaleprimaistanza\/wp-content\/uploads\/2025\/04\/IA_Cattedra-Roberti_20maggio2025-1448x2048.jpg 1448w, https:\/\/www.diocesidiroma.it\/tribunaleprimaistanza\/wp-content\/uploads\/2025\/04\/IA_Cattedra-Roberti_20maggio2025-scaled.jpg 1810w\" sizes=\"auto, (max-width: 212px) 100vw, 212px\" \/><\/a><\/p>\n<p>&nbsp;<\/p>\n<p style=\"text-align: justify;\">L&#8217;incontro si terr\u00e0 <strong>marted\u00ec 20 maggio 2025<\/strong> dalle <strong>ore 10.00 <\/strong>alle<strong> ore 12.00 <\/strong>presso l&#8217;aula Paolo VI della Pontificia Universit\u00e0 Lateranense.<\/p>\n<p>&nbsp;<\/p>\n","protected":false},"excerpt":{"rendered":"&nbsp; CONVEGNO IA: aspetti etici e profili giuridici in comparazione. Prospettive e limiti applicativi &nbsp; L&#8217;incontro si terr\u00e0 marted\u00ec 20 maggio 2025 dalle ore 10.00 alle ore 12.00 presso l&#8217;aula Paolo VI della Pontificia Universit\u00e0 Lateranense. &nbsp;","protected":false},"author":2,"featured_media":0,"comment_status":"closed","ping_status":"closed","sticky":false,"template":"","format":"standard","meta":{"footnotes":""},"categories":[26],"tags":[],"class_list":["post-2207","post","type-post","status-publish","format-standard","hentry","category-formazione"],"_links":{"self":[{"href":"https:\/\/www.diocesidiroma.it\/tribunaleprimaistanza\/index.php\/wp-json\/wp\/v2\/posts\/2207","targetHints":{"allow":["GET"]}}],"collection":[{"href":"https:\/\/www.diocesidiroma.it\/tribunaleprimaistanza\/index.php\/wp-json\/wp\/v2\/posts"}],"about":[{"href":"https:\/\/www.diocesidiroma.it\/tribunaleprimaistanza\/index.php\/wp-json\/wp\/v2\/types\/post"}],"author":[{"embeddable":true,"href":"https:\/\/www.diocesidiroma.it\/tribunaleprimaistanza\/index.php\/wp-json\/wp\/v2\/users\/2"}],"replies":[{"embeddable":true,"href":"https:\/\/www.diocesidiroma.it\/tribunaleprimaistanza\/index.php\/wp-json\/wp\/v2\/comments?post=2207"}],"version-history":[{"count":1,"href":"https:\/\/www.diocesidiroma.it\/tribunaleprimaistanza\/index.php\/wp-json\/wp\/v2\/posts\/2207\/revisions"}],"predecessor-version":[{"id":2208,"href":"https:\/\/www.diocesidiroma.it\/tribunaleprimaistanza\/index.php\/wp-json\/wp\/v2\/posts\/2207\/revisions\/2208"}],"wp:attachment":[{"href":"https:\/\/www.diocesidiroma.it\/tribunaleprimaistanza\/index.php\/wp-json\/wp\/v2\/media?parent=2207"}],"wp:term":[{"taxonomy":"category","embeddable":true,"href":"https:\/\/www.diocesidiroma.it\/tribunaleprimaistanza\/index.php\/wp-json\/wp\/v2\/categories?post=2207"},{"taxonomy":"post_tag","embeddable":true,"href":"https:\/\/www.diocesidiroma.it\/tribunaleprimaistanza\/index.php\/wp-json\/wp\/v2\/tags?post=2207"}],"curies":[{"name":"wp","href":"https:\/\/api.w.org\/{rel}","templated":true}]}}