{"id":2446,"date":"2026-03-13T12:45:06","date_gmt":"2026-03-13T11:45:06","guid":{"rendered":"https:\/\/www.diocesidiroma.it\/tribunaleprimaistanza\/?p=2446"},"modified":"2026-03-18T11:12:35","modified_gmt":"2026-03-18T10:12:35","slug":"https-www-diocesidiroma-it-tribunaleprimaistanza-wp-content-uploads-2026-03-lezione-aperta-pul-18-marzo-2026-jpg","status":"publish","type":"post","link":"https:\/\/www.diocesidiroma.it\/tribunaleprimaistanza\/index.php\/https-www-diocesidiroma-it-tribunaleprimaistanza-wp-content-uploads-2026-03-lezione-aperta-pul-18-marzo-2026-jpg\/","title":{"rendered":"Lezione aperta 18 marzo 2026 &#8211; Pontificia Universit\u00e0 Lateranense"},"content":{"rendered":"<p>&nbsp;<\/p>\n<p style=\"text-align: center;\"><a href=\"https:\/\/www.diocesidiroma.it\/tribunaleprimaistanza\/wp-content\/uploads\/2026\/03\/Lezione-aperta-PUL-18-marzo-2026.jpg\"><span style=\"color: #000000;\"><b>LEZIONE APERTA<\/b><\/span><\/a><\/p>\n<p style=\"text-align: center;\"><a href=\"https:\/\/www.diocesidiroma.it\/tribunaleprimaistanza\/wp-content\/uploads\/2026\/03\/Lezione-aperta-PUL-18-marzo-2026.jpg\"><span style=\"color: #993300;\"><b>Aspetti della personalit\u00e0 e dipendenza affettiva<\/b><\/span><\/a><\/p>\n<p style=\"text-align: center;\"><a href=\"https:\/\/www.diocesidiroma.it\/tribunaleprimaistanza\/wp-content\/uploads\/2026\/03\/Lezione-aperta-PUL-18-marzo-2026.jpg\"><img loading=\"lazy\" decoding=\"async\" class=\"aligncenter wp-image-2445 size-medium\" src=\"https:\/\/www.diocesidiroma.it\/tribunaleprimaistanza\/wp-content\/uploads\/2026\/03\/Lezione-aperta-PUL-18-marzo-2026-212x300.jpg\" alt=\"\" width=\"212\" height=\"300\" srcset=\"https:\/\/www.diocesidiroma.it\/tribunaleprimaistanza\/wp-content\/uploads\/2026\/03\/Lezione-aperta-PUL-18-marzo-2026-212x300.jpg 212w, https:\/\/www.diocesidiroma.it\/tribunaleprimaistanza\/wp-content\/uploads\/2026\/03\/Lezione-aperta-PUL-18-marzo-2026-724x1024.jpg 724w, https:\/\/www.diocesidiroma.it\/tribunaleprimaistanza\/wp-content\/uploads\/2026\/03\/Lezione-aperta-PUL-18-marzo-2026-768x1086.jpg 768w, https:\/\/www.diocesidiroma.it\/tribunaleprimaistanza\/wp-content\/uploads\/2026\/03\/Lezione-aperta-PUL-18-marzo-2026-1086x1536.jpg 1086w, https:\/\/www.diocesidiroma.it\/tribunaleprimaistanza\/wp-content\/uploads\/2026\/03\/Lezione-aperta-PUL-18-marzo-2026.jpg 1414w\" sizes=\"auto, (max-width: 212px) 100vw, 212px\" \/><\/a><\/p>\n<p>&nbsp;<\/p>\n<p style=\"text-align: justify;\">La lezione si terr\u00e0 <strong>mercoled\u00ec 18 marzo 2026<\/strong> dalle <strong>ore 8.30 <\/strong>alle<strong> ore 10.05 <\/strong>presso l&#8217;<strong>aula 106<\/strong> della Pontificia Universit\u00e0 Lateranense.<\/p>\n<p>&nbsp;<\/p>\n","protected":false},"excerpt":{"rendered":"&nbsp; LEZIONE APERTA Aspetti della personalit\u00e0 e dipendenza affettiva &nbsp; La lezione si terr\u00e0 mercoled\u00ec 18 marzo 2026 dalle ore 8.30 alle ore 10.05 presso l&#8217;aula 106 della Pontificia Universit\u00e0 Lateranense. &nbsp;","protected":false},"author":2,"featured_media":0,"comment_status":"closed","ping_status":"closed","sticky":false,"template":"","format":"standard","meta":{"footnotes":""},"categories":[26,21,4],"tags":[],"class_list":["post-2446","post","type-post","status-publish","format-standard","hentry","category-formazione","category-lateranense-2024","category-notizie"],"_links":{"self":[{"href":"https:\/\/www.diocesidiroma.it\/tribunaleprimaistanza\/index.php\/wp-json\/wp\/v2\/posts\/2446","targetHints":{"allow":["GET"]}}],"collection":[{"href":"https:\/\/www.diocesidiroma.it\/tribunaleprimaistanza\/index.php\/wp-json\/wp\/v2\/posts"}],"about":[{"href":"https:\/\/www.diocesidiroma.it\/tribunaleprimaistanza\/index.php\/wp-json\/wp\/v2\/types\/post"}],"author":[{"embeddable":true,"href":"https:\/\/www.diocesidiroma.it\/tribunaleprimaistanza\/index.php\/wp-json\/wp\/v2\/users\/2"}],"replies":[{"embeddable":true,"href":"https:\/\/www.diocesidiroma.it\/tribunaleprimaistanza\/index.php\/wp-json\/wp\/v2\/comments?post=2446"}],"version-history":[{"count":1,"href":"https:\/\/www.diocesidiroma.it\/tribunaleprimaistanza\/index.php\/wp-json\/wp\/v2\/posts\/2446\/revisions"}],"predecessor-version":[{"id":2447,"href":"https:\/\/www.diocesidiroma.it\/tribunaleprimaistanza\/index.php\/wp-json\/wp\/v2\/posts\/2446\/revisions\/2447"}],"wp:attachment":[{"href":"https:\/\/www.diocesidiroma.it\/tribunaleprimaistanza\/index.php\/wp-json\/wp\/v2\/media?parent=2446"}],"wp:term":[{"taxonomy":"category","embeddable":true,"href":"https:\/\/www.diocesidiroma.it\/tribunaleprimaistanza\/index.php\/wp-json\/wp\/v2\/categories?post=2446"},{"taxonomy":"post_tag","embeddable":true,"href":"https:\/\/www.diocesidiroma.it\/tribunaleprimaistanza\/index.php\/wp-json\/wp\/v2\/tags?post=2446"}],"curies":[{"name":"wp","href":"https:\/\/api.w.org\/{rel}","templated":true}]}}