{"id":1361,"date":"2018-05-29T10:13:53","date_gmt":"2018-05-29T08:13:53","guid":{"rendered":"https:\/\/www.diocesidiroma.it\/culturaeuniversita\/?p=1361"},"modified":"2018-05-29T10:32:41","modified_gmt":"2018-05-29T08:32:41","slug":"laccademia-delle-belle-arti-sul-set-di-the-pope","status":"publish","type":"post","link":"https:\/\/www.diocesidiroma.it\/universita\/index.php\/laccademia-delle-belle-arti-sul-set-di-the-pope\/","title":{"rendered":"L\u2019Accademia delle Belle Arti sul set di &#8220;The Pope&#8221;"},"content":{"rendered":"<p><a href=\"https:\/\/www.diocesidiroma.it\/culturaeuniversita\/wp-content\/uploads\/2018\/05\/capp-sis-002.jpg\"><img loading=\"lazy\" decoding=\"async\" class=\" wp-image-1364 alignleft\" src=\"https:\/\/www.diocesidiroma.it\/culturaeuniversita\/wp-content\/uploads\/2018\/05\/capp-sis-002-238x300.jpg\" alt=\"\" width=\"235\" height=\"296\" \/><\/a><em>di Pasquaeleonora Moramarco<\/em>*<\/p>\n<p><strong>Magnificente e sbalorditivo. \u00c8 cos\u00ec che<\/strong> <strong>ci \u00e8 apparso lo studio 15 di Cinecitt\u00e0<\/strong> una volta superata la soglia d\u2019ingresso. Innegabile la potenza con la quale gi\u00e0 solo la facciata frontale, ricreata su stampo della Reggia di Caserta, ci ha letteralmente colpito.<\/p>\n<p><strong>Noi studenti di Scenografia dell\u2019Accademia di Belle Arti di Roma \u2013 eravamo circa cinquanta<\/strong>, accompagnati da vari docenti \u2013 sapevamo di recarci l\u00ec per una visita alla ricostruzione della Cappella Sistina, ma niente poteva prepararci a ci\u00f2 che i nostri occhi hanno potuto ammirare: un intero set ricostruito come non si vedeva da tempo, <strong>di una grandezza e imponenza tali da rimanerne inermi<\/strong>, e una cura dei dettagli da far invidia alla Cappella originale.<\/p>\n<p><strong>Essere entrati dal portale posto frontalmente al Giudizio Universale \u00e8 da ritenersi un privilegio<\/strong>, poter godere di quella parte dell\u2019affresco michelangiolesco con tale impatto e immediatezza, ritrovarsi poi in uno spazio cos\u00ec fedele alla realt\u00e0 da confondersi, e perdersi nel disegno del pavimento <strong>senza avere vincoli, senza la folla dei visitatori, \u00e8 stato come averla vista davvero per la prima volta<\/strong>.<\/p>\n<p>In tempi in cui, oltre a scorci ricostruiti, ci si ritrova interamente circondati da <em>green screen<\/em>, <strong>il set creato per <em>The Pope<\/em> di Fernando Meirelles \u00e8 l\u2019esempio di un\u2019arte ancora viva<\/strong>, che ha raggiunto il valido compromesso con i nuovi strumenti moderni, <a href=\"https:\/\/www.diocesidiroma.it\/culturaeuniversita\/wp-content\/uploads\/2018\/05\/lops.jpg\"><img loading=\"lazy\" decoding=\"async\" class=\" wp-image-1365 alignleft\" src=\"https:\/\/www.diocesidiroma.it\/culturaeuniversita\/wp-content\/uploads\/2018\/05\/lops-300x225.jpg\" alt=\"\" width=\"352\" height=\"264\" srcset=\"https:\/\/www.diocesidiroma.it\/universita\/wp-content\/uploads\/2018\/05\/lops-300x225.jpg 300w, https:\/\/www.diocesidiroma.it\/universita\/wp-content\/uploads\/2018\/05\/lops-600x450.jpg 600w, https:\/\/www.diocesidiroma.it\/universita\/wp-content\/uploads\/2018\/05\/lops.jpg 640w\" sizes=\"auto, (max-width: 352px) 100vw, 352px\" \/><\/a>servendosene certo, ma nel giusto equilibrio.<\/p>\n<p>Un\u2019eccellenza tutta italiana insomma, <strong>che vanta un grande team di professionisti, il cui lavoro \u00e8 stato impeccabile<\/strong>. Si riporta cos\u00ec <strong>l\u2019attenzione sul mondo della nostra scenografia<\/strong>, facendole acquisire valore e garantendole il riconoscimento che merita.<\/p>\n<p>Grati a Don Elio Lops \u2013 addetto del Servizio per la Cultura e l\u2019Universit\u00e0 del Vicariato di Roma, cappellano dell\u2019AFAM e <em>clerical advisor<\/em> del film &#8211; per questa opportunit\u00e0, <strong>allo scenografo Stefano Maria Ortolani e all\u2019arredatrice Livia Del Priore, creatori del favoloso set<\/strong>, per le accurate spiegazioni e per il tempo dedicatoci.<\/p>\n<p>&nbsp;<\/p>\n<p><em>*studentessa dell\u2019Accademia di Belle Arti di Roma<\/em><\/p>\n","protected":false},"excerpt":{"rendered":"<p>di Pasquaeleonora Moramarco* Magnificente e sbalorditivo. \u00c8 cos\u00ec che ci \u00e8 apparso lo studio 15 di Cinecitt\u00e0 una volta superata la soglia d\u2019ingresso. Innegabile la potenza con la quale gi\u00e0 <a href=\"https:\/\/www.diocesidiroma.it\/universita\/index.php\/laccademia-delle-belle-arti-sul-set-di-the-pope\/\"> Read more&#8230;<\/a><\/p>\n","protected":false},"author":2,"featured_media":1364,"comment_status":"closed","ping_status":"open","sticky":false,"template":"","format":"standard","meta":{"footnotes":""},"categories":[1,59],"tags":[71,72,70,46,73,49,68,69],"class_list":["post-1361","post","type-post","status-publish","format-standard","has-post-thumbnail","hentry","category-news","category-vita-universitaria","tag-accademia-di-belle-arti","tag-cappella-sistina","tag-cinecitta","tag-film","tag-giudizio-universale","tag-michelangelo","tag-scenografia","tag-universita"],"acf":[],"_links":{"self":[{"href":"https:\/\/www.diocesidiroma.it\/universita\/index.php\/wp-json\/wp\/v2\/posts\/1361","targetHints":{"allow":["GET"]}}],"collection":[{"href":"https:\/\/www.diocesidiroma.it\/universita\/index.php\/wp-json\/wp\/v2\/posts"}],"about":[{"href":"https:\/\/www.diocesidiroma.it\/universita\/index.php\/wp-json\/wp\/v2\/types\/post"}],"author":[{"embeddable":true,"href":"https:\/\/www.diocesidiroma.it\/universita\/index.php\/wp-json\/wp\/v2\/users\/2"}],"replies":[{"embeddable":true,"href":"https:\/\/www.diocesidiroma.it\/universita\/index.php\/wp-json\/wp\/v2\/comments?post=1361"}],"version-history":[{"count":3,"href":"https:\/\/www.diocesidiroma.it\/universita\/index.php\/wp-json\/wp\/v2\/posts\/1361\/revisions"}],"predecessor-version":[{"id":1366,"href":"https:\/\/www.diocesidiroma.it\/universita\/index.php\/wp-json\/wp\/v2\/posts\/1361\/revisions\/1366"}],"wp:featuredmedia":[{"embeddable":true,"href":"https:\/\/www.diocesidiroma.it\/universita\/index.php\/wp-json\/wp\/v2\/media\/1364"}],"wp:attachment":[{"href":"https:\/\/www.diocesidiroma.it\/universita\/index.php\/wp-json\/wp\/v2\/media?parent=1361"}],"wp:term":[{"taxonomy":"category","embeddable":true,"href":"https:\/\/www.diocesidiroma.it\/universita\/index.php\/wp-json\/wp\/v2\/categories?post=1361"},{"taxonomy":"post_tag","embeddable":true,"href":"https:\/\/www.diocesidiroma.it\/universita\/index.php\/wp-json\/wp\/v2\/tags?post=1361"}],"curies":[{"name":"wp","href":"https:\/\/api.w.org\/{rel}","templated":true}]}}