{"id":1377,"date":"2018-05-31T13:06:40","date_gmt":"2018-05-31T11:06:40","guid":{"rendered":"https:\/\/www.diocesidiroma.it\/culturaeuniversita\/?p=1377"},"modified":"2018-05-31T14:13:31","modified_gmt":"2018-05-31T12:13:31","slug":"la-cresima-come-un-tatuaggio-interiore","status":"publish","type":"post","link":"https:\/\/www.diocesidiroma.it\/universita\/index.php\/la-cresima-come-un-tatuaggio-interiore\/","title":{"rendered":"La Cresima, come un tatuaggio interiore*"},"content":{"rendered":"<p><a href=\"https:\/\/www.diocesidiroma.it\/culturaeuniversita\/wp-content\/uploads\/2018\/05\/cresima.jpg\"><img loading=\"lazy\" decoding=\"async\" class=\" wp-image-1379 alignleft\" src=\"https:\/\/www.diocesidiroma.it\/culturaeuniversita\/wp-content\/uploads\/2018\/05\/cresima-300x225.jpg\" alt=\"\" width=\"354\" height=\"265\" srcset=\"https:\/\/www.diocesidiroma.it\/universita\/wp-content\/uploads\/2018\/05\/cresima-300x225.jpg 300w, https:\/\/www.diocesidiroma.it\/universita\/wp-content\/uploads\/2018\/05\/cresima-600x450.jpg 600w, https:\/\/www.diocesidiroma.it\/universita\/wp-content\/uploads\/2018\/05\/cresima.jpg 640w\" sizes=\"auto, (max-width: 354px) 100vw, 354px\" \/><\/a>Chiediamo al gruppo degli universitari di Roma Tre, che sabato 26 maggio, nella basilica di San Giovanni in Laterano, hanno ricevuto la Cresima insieme ad altri studenti.<\/p>\n<p><strong>Da quali universit\u00e0 provengono gli studenti cresimati insieme a voi?<\/strong><\/p>\n<p><em>Siamo stati cresimati in 43, 10 da Roma Tre, 8 dalla Sapienza, 6 dall\u2019Europea, 4 dal Campus Bio Medico, 3 da Tor Vergata, 3 dalla Cattolica, 3 dalla LUMSA, 1 dalla LUISS, ma c\u2019erano fra noi anche una bibliotecaria dell\u2019universit\u00e0 e altri appartenenti al personale che rendono a noi possibile il cammino universitario.<\/em><\/p>\n<p><strong>Cosa ha significato per voi ricevere la Cresima da giovani?<\/strong><\/p>\n<p><em>Possiamo rispondere che abbiamo colto l\u2019opportunit\u00e0 di riprendere il cammino iniziato tanti anni fa. \u00c8 stata una grande possibilit\u00e0 di riavvicinarci a Dio e alla Chiesa con consapevolezza, aprendo il nostro cuore al suo Amore infinito, che offre a ciascuno di noi vita in abbondanza e la vera felicit\u00e0.<\/em><\/p>\n<p><strong>Perch\u00e9 riscegliere di essere cristiani oggi?<\/strong><\/p>\n<p><em>Perch\u00e9 abbiamo compreso che solo lo Spirito di Ges\u00f9 realizza in noi la \u201cmiglior versione di noi stessi\u201d. Per questo possiamo essere testimoni della Buona Novella, perch\u00e9 essa \u00e8 la chiave per vivere da uomini in pienezza.<\/em><\/p>\n<p><strong>Cosa ricorderete delle parole con le quali il vescovo che vi ha donato la Cresima, Sua Eccellenza monsignor Daniele Libanori, gi\u00e0 cappellano della Sapienza, vi ha aiutato a comprendere la celebrazione?<\/strong><\/p>\n<p><em><a href=\"https:\/\/www.diocesidiroma.it\/culturaeuniversita\/wp-content\/uploads\/2018\/05\/altra.jpg\"><img loading=\"lazy\" decoding=\"async\" class=\" wp-image-1382 alignright\" src=\"https:\/\/www.diocesidiroma.it\/culturaeuniversita\/wp-content\/uploads\/2018\/05\/altra-300x225.jpg\" alt=\"\" width=\"292\" height=\"219\" srcset=\"https:\/\/www.diocesidiroma.it\/universita\/wp-content\/uploads\/2018\/05\/altra-300x225.jpg 300w, https:\/\/www.diocesidiroma.it\/universita\/wp-content\/uploads\/2018\/05\/altra-1024x768.jpg 1024w, https:\/\/www.diocesidiroma.it\/universita\/wp-content\/uploads\/2018\/05\/altra-768x576.jpg 768w, https:\/\/www.diocesidiroma.it\/universita\/wp-content\/uploads\/2018\/05\/altra-600x450.jpg 600w, https:\/\/www.diocesidiroma.it\/universita\/wp-content\/uploads\/2018\/05\/altra-1536x1152.jpg 1536w, https:\/\/www.diocesidiroma.it\/universita\/wp-content\/uploads\/2018\/05\/altra.jpg 1600w\" sizes=\"auto, (max-width: 292px) 100vw, 292px\" \/><\/a>Padre Libanori ha utilizzato un\u2019immagine inconsueta per spiegarci il Sigillo dello Spirito. Lo ha paragonato ai tatuaggi con i quali si \u00e8 sempre espressa nei secoli l\u2019appartenenza ad un popolo: un segno indelebile con il quale si afferma con fierezza l\u2019appartenenza e che dice la vittoria sulla solitudine e la certezza di appartenere ad un mondo sensato e non inutile e irrilevante. Un segno indelebile, incancellabile di vita.<\/em><\/p>\n<p><strong>Come siete giunti ad intraprendere questo cammino?<\/strong><\/p>\n<p>O<em>gnuno di noi ha iniziato a prepararsi alla Cresima per un motivo diverso, ma tutti sentivamo le stesse sensazioni e l\u2019anima che \u201clavorava\u201d durante gli incontri in cappellania. Abbiamo ricevuto la Cresima due giorni fa, ma sono sicura che anche se non ci saranno pi\u00f9 gli incontri settimanali ci sar\u00e0 modo di incontrarci e di condividere i nostri pensieri con i sacerdoti ed i catechisti che ci hanno coinvolti incoraggiandoci ad aprirci al Signore ed essere sicuri di noi e della nostra Fede, senza temere il giudizio degli altri e dandoci coraggio in quello che facciamo ogni giorno.<\/em><\/p>\n<p><strong>Volete aggiungere ancora qualcosa?<\/strong><\/p>\n<p>Ci ha colpito la testimonianza di una delle cresimate che diceva: \u00abOgni fessura sanguinante, ogni cicatrice, ogni domanda senza risposta, ha lentamente smesso di fare male. Questo percorso mi ha reso cosciente della luce che il Signore ci dona, mi ha reso pi\u00f9 capace di vedere il Signore in tutte le cose, mi ha reso pi\u00f9 salda nell&#8217;amore per gli altri e per me stessa. \u00c8 solo l&#8217;inizio ma con il Signore, lo so, non mi sentir\u00f2 mai pi\u00f9 sola\u00bb.<\/p>\n<p><a href=\"https:\/\/www.diocesidiroma.it\/culturaeuniversita\/wp-content\/uploads\/2018\/05\/coro.jpg\"><img loading=\"lazy\" decoding=\"async\" class=\" wp-image-1381 alignleft\" src=\"https:\/\/www.diocesidiroma.it\/culturaeuniversita\/wp-content\/uploads\/2018\/05\/coro-300x225.jpg\" alt=\"\" width=\"286\" height=\"215\" srcset=\"https:\/\/www.diocesidiroma.it\/universita\/wp-content\/uploads\/2018\/05\/coro-300x225.jpg 300w, https:\/\/www.diocesidiroma.it\/universita\/wp-content\/uploads\/2018\/05\/coro-1024x768.jpg 1024w, https:\/\/www.diocesidiroma.it\/universita\/wp-content\/uploads\/2018\/05\/coro-768x576.jpg 768w, https:\/\/www.diocesidiroma.it\/universita\/wp-content\/uploads\/2018\/05\/coro-600x450.jpg 600w, https:\/\/www.diocesidiroma.it\/universita\/wp-content\/uploads\/2018\/05\/coro-1536x1152.jpg 1536w, https:\/\/www.diocesidiroma.it\/universita\/wp-content\/uploads\/2018\/05\/coro.jpg 1600w\" sizes=\"auto, (max-width: 286px) 100vw, 286px\" \/><\/a><\/p>\n<p>*<em>Un grazie speciale va al <strong>coro \u201cSan Tommaso d\u2019Aquino\u201d della Cappella universitaria di Tor Vergata<\/strong>, diretto da Rita Tomasi, e ai cappellani universitari che hanno preparato i 43 studenti a ricevere il sacramento della confermazione. Erano presenti il giorno della celebrazione Don Pino Fanelli e Padre Facundo Bernabei di Roma Tre, Padre Giulio Parnofiello e Padre Leonardo Vezzani della Sapienza, Padre Nicola Tovagliari e Padre Jesus Parre\u00f1o dell\u2019Europea, Don Victor Tambone del Campus Bio Medico, Don Saverio Monitillo di Tor Vergata, Don Francesco Dell\u2019Orco della Cattolica, Padre Simone Bellomo della LUMSA, Padre Giuseppe Daminelli della LUISS, Don Michele Lugli, Assistente Spirituale di CLU.<\/em><\/p>\n<p>&nbsp;<\/p>\n","protected":false},"excerpt":{"rendered":"<p>Chiediamo al gruppo degli universitari di Roma Tre, che sabato 26 maggio, nella basilica di San Giovanni in Laterano, hanno ricevuto la Cresima insieme ad altri studenti. Da quali universit\u00e0 <a href=\"https:\/\/www.diocesidiroma.it\/universita\/index.php\/la-cresima-come-un-tatuaggio-interiore\/\"> Read more&#8230;<\/a><\/p>\n","protected":false},"author":2,"featured_media":1379,"comment_status":"closed","ping_status":"open","sticky":false,"template":"","format":"standard","meta":{"footnotes":""},"categories":[59],"tags":[75,74,76,69],"class_list":["post-1377","post","type-post","status-publish","format-standard","has-post-thumbnail","hentry","category-vita-universitaria","tag-cappellanie","tag-cresime","tag-laterano","tag-universita"],"acf":[],"_links":{"self":[{"href":"https:\/\/www.diocesidiroma.it\/universita\/index.php\/wp-json\/wp\/v2\/posts\/1377","targetHints":{"allow":["GET"]}}],"collection":[{"href":"https:\/\/www.diocesidiroma.it\/universita\/index.php\/wp-json\/wp\/v2\/posts"}],"about":[{"href":"https:\/\/www.diocesidiroma.it\/universita\/index.php\/wp-json\/wp\/v2\/types\/post"}],"author":[{"embeddable":true,"href":"https:\/\/www.diocesidiroma.it\/universita\/index.php\/wp-json\/wp\/v2\/users\/2"}],"replies":[{"embeddable":true,"href":"https:\/\/www.diocesidiroma.it\/universita\/index.php\/wp-json\/wp\/v2\/comments?post=1377"}],"version-history":[{"count":2,"href":"https:\/\/www.diocesidiroma.it\/universita\/index.php\/wp-json\/wp\/v2\/posts\/1377\/revisions"}],"predecessor-version":[{"id":1383,"href":"https:\/\/www.diocesidiroma.it\/universita\/index.php\/wp-json\/wp\/v2\/posts\/1377\/revisions\/1383"}],"wp:featuredmedia":[{"embeddable":true,"href":"https:\/\/www.diocesidiroma.it\/universita\/index.php\/wp-json\/wp\/v2\/media\/1379"}],"wp:attachment":[{"href":"https:\/\/www.diocesidiroma.it\/universita\/index.php\/wp-json\/wp\/v2\/media?parent=1377"}],"wp:term":[{"taxonomy":"category","embeddable":true,"href":"https:\/\/www.diocesidiroma.it\/universita\/index.php\/wp-json\/wp\/v2\/categories?post=1377"},{"taxonomy":"post_tag","embeddable":true,"href":"https:\/\/www.diocesidiroma.it\/universita\/index.php\/wp-json\/wp\/v2\/tags?post=1377"}],"curies":[{"name":"wp","href":"https:\/\/api.w.org\/{rel}","templated":true}]}}