{"id":1438,"date":"2018-06-14T08:15:10","date_gmt":"2018-06-14T06:15:10","guid":{"rendered":"https:\/\/www.diocesidiroma.it\/culturaeuniversita\/?p=1438"},"modified":"2018-06-14T15:08:14","modified_gmt":"2018-06-14T13:08:14","slug":"la-fabbrica-di-san-pietro","status":"publish","type":"post","link":"https:\/\/www.diocesidiroma.it\/universita\/index.php\/la-fabbrica-di-san-pietro\/","title":{"rendered":"La Fabbrica di San Pietro"},"content":{"rendered":"<p>INTERVISTA AL CARDINALE ANGELO COMASTRI<\/p>\n<p><em>di Francesco d&#8217;Alfonso<\/em><\/p>\n<p>&nbsp;<\/p>\n<figure id=\"attachment_1440\" aria-describedby=\"caption-attachment-1440\" style=\"width: 300px\" class=\"wp-caption alignleft\"><a href=\"https:\/\/www.diocesidiroma.it\/culturaeuniversita\/wp-content\/uploads\/2018\/06\/01-Veduta-della-cupola-michelangiolesca-che-s\u2019inarca-possente-e-maestosa-sulla-tomba-di-Pietro-\u00a9-Fabbrica-di-San-Pietro-in-Vaticano.jpg\"><img loading=\"lazy\" decoding=\"async\" class=\"size-medium wp-image-1440\" src=\"https:\/\/www.diocesidiroma.it\/culturaeuniversita\/wp-content\/uploads\/2018\/06\/01-Veduta-della-cupola-michelangiolesca-che-s\u2019inarca-possente-e-maestosa-sulla-tomba-di-Pietro-\u00a9-Fabbrica-di-San-Pietro-in-Vaticano-300x300.jpg\" alt=\"\" width=\"300\" height=\"300\" srcset=\"https:\/\/www.diocesidiroma.it\/universita\/wp-content\/uploads\/2018\/06\/01-Veduta-della-cupola-michelangiolesca-che-s\u2019inarca-possente-e-maestosa-sulla-tomba-di-Pietro-\u00a9-Fabbrica-di-San-Pietro-in-Vaticano-300x300.jpg 300w, https:\/\/www.diocesidiroma.it\/universita\/wp-content\/uploads\/2018\/06\/01-Veduta-della-cupola-michelangiolesca-che-s\u2019inarca-possente-e-maestosa-sulla-tomba-di-Pietro-\u00a9-Fabbrica-di-San-Pietro-in-Vaticano-1024x1022.jpg 1024w, https:\/\/www.diocesidiroma.it\/universita\/wp-content\/uploads\/2018\/06\/01-Veduta-della-cupola-michelangiolesca-che-s\u2019inarca-possente-e-maestosa-sulla-tomba-di-Pietro-\u00a9-Fabbrica-di-San-Pietro-in-Vaticano-150x150.jpg 150w, https:\/\/www.diocesidiroma.it\/universita\/wp-content\/uploads\/2018\/06\/01-Veduta-della-cupola-michelangiolesca-che-s\u2019inarca-possente-e-maestosa-sulla-tomba-di-Pietro-\u00a9-Fabbrica-di-San-Pietro-in-Vaticano-768x766.jpg 768w, https:\/\/www.diocesidiroma.it\/universita\/wp-content\/uploads\/2018\/06\/01-Veduta-della-cupola-michelangiolesca-che-s\u2019inarca-possente-e-maestosa-sulla-tomba-di-Pietro-\u00a9-Fabbrica-di-San-Pietro-in-Vaticano-600x599.jpg 600w, https:\/\/www.diocesidiroma.it\/universita\/wp-content\/uploads\/2018\/06\/01-Veduta-della-cupola-michelangiolesca-che-s\u2019inarca-possente-e-maestosa-sulla-tomba-di-Pietro-\u00a9-Fabbrica-di-San-Pietro-in-Vaticano-1536x1533.jpg 1536w, https:\/\/www.diocesidiroma.it\/universita\/wp-content\/uploads\/2018\/06\/01-Veduta-della-cupola-michelangiolesca-che-s\u2019inarca-possente-e-maestosa-sulla-tomba-di-Pietro-\u00a9-Fabbrica-di-San-Pietro-in-Vaticano-90x90.jpg 90w, https:\/\/www.diocesidiroma.it\/universita\/wp-content\/uploads\/2018\/06\/01-Veduta-della-cupola-michelangiolesca-che-s\u2019inarca-possente-e-maestosa-sulla-tomba-di-Pietro-\u00a9-Fabbrica-di-San-Pietro-in-Vaticano.jpg 1772w\" sizes=\"auto, (max-width: 300px) 100vw, 300px\" \/><\/a><figcaption id=\"caption-attachment-1440\" class=\"wp-caption-text\">Veduta della cupola michelangiolesca che s\u2019inarca possente e maestosa sulla tomba di Pietro (\u00a9 Fabbrica di San Pietro in Vaticano)<\/figcaption><\/figure>\n<p>Da oltre cinque secoli, la Fabbrica di San Pietro provvede alla conservazione e alla cura del pi\u00f9 grande tempio della cristianit\u00e0, la Basilica Vaticana, sorta sulla sepoltura del principe degli Apostoli, che nel 1982 l\u2019UNESCO ha dichiarato patrimonio dell\u2019umanit\u00e0, insieme a tutto lo Stato della Citt\u00e0 del Vaticano. Ne abbiamo parlato con il cardinale Angelo Comastri, Presidente della Fabbrica, Arciprete della Basilica di San Pietro, Vicario generale del Santo Padre per lo Stato Citt\u00e0 del Vaticano.<\/p>\n<p><strong>Eminenza, le pi\u00f9 lontane origini della Fabbrica di San Pietro risalgono all\u2019inizio del Cinquecento. Perch\u00e9 i Pontefici ritennero necessaria la costituzione di un organismo preposto alla Basilica vaticana?<\/strong><\/p>\n<p>La Fabbrica di San Pietro nacque per iniziativa del papa Giulio II (Della Rovere, 1503-1513) con il non facile compito di amministrare e coordinare i lavori necessari alla costruzione del nuovo tempio vaticano e, successivamente, per occuparsi della sua decorazione e delle opere di ordinaria e straordinaria manutenzione.\u00a0 La data di nascita della \u201cFabbrica\u201d (termine usato nel Rinascimento per indicare sia l\u2019istituzione papale, che l\u2019erigendo edificio) \u00e8 formalmente fissata al 18 aprile dell\u2019anno 1506, quando Giulio II pose la prima pietra per la riedificazione del nuovo tempio, destinato a prendere il posto dell\u2019antica e venerata basilica, costruita nel IV secolo dall\u2019imperatore Costantino sull\u2019umile sepoltura del Principe degli Apostoli. Centovent\u2019anni dopo, il 18 novembre 1626, papa Urbano VIII (Barberini, 1623-1644) consacrava con solenne cerimonia la nuova basilica, anche se ancora mancavano gran parte delle decorazioni interne e la scenografica piazza San Pietro.<\/p>\n<p>La complessa vicenda costruttiva di San Pietro si \u00e8 potuta felicemente e mirabilmente concludere grazie al lungimirante pensiero dei papi del Rinascimento che crearono una istituzione particolarmente agile e versatile. Un\u2019amministrazione autonoma, che, pur mutando nel tempo la sua organizzazione interna, seppe soddisfare nel migliore dei modi le esigenze di uno dei pi\u00f9 grandi cantieri di tutti i tempi. La Fabbrica di San Pietro venne dunque istituita nel Cinquecento per gestire l&#8217;amministrazione finanziaria e tecnica del nuovo cantiere petriano, che, nel corso dei secoli, arriv\u00f2 a configurarsi come un autentico laboratorio sperimentale di tecnologia edilizia, un modello di gestione tecnica ed economica, una qualificata scuola di formazione per maestranze specializzate e, infine, uno straordinario veicolo di diffusione di sapere tecnico.<\/p>\n<p><strong>\u00a0<\/strong><\/p>\n<p><strong>Quale \u00e8 oggi la configurazione giuridica della Fabbrica di San Pietro? E come \u00e8 organizzata?<\/strong><\/p>\n<p>Nel 1988, con la Costituzione Apostolica <em>Pastor Bonus<\/em>, il papa San Giovanni Paolo II delineava le competenze e le prerogative tuttora vigenti della Fabbrica di San Pietro in Vaticano con le seguenti parole: \u00abLa Fabbrica di San Pietro, secondo le proprie leggi, continuer\u00e0 ad occuparsi di tutto quanto riguarda la basilica del Principe degli Apostoli, sia per la conservazione e il decoro dell\u2019edificio, sia per la disciplina interna dei custodi e dei pellegrini che vi entrano per visitarla\u00bb.<\/p>\n<p>Alla Fabbrica di San Pietro \u00e8 preposto, secondo lo Statuto, <em>l\u2019Arciprete della Basilica Papale Vaticana <\/em>in qualit\u00e0 di<em> Presidente<\/em>, coadiuvato da un <em>Delegato<\/em>. L\u2019uno e l\u2019altro rivestono le stesse rispettive cariche nel Comitato di Amministrazione. Il cardinale Arciprete della basilica vaticana \u00e8 anche<em> Vicario Generale di Sua Santit\u00e0 per lo Stato della Citt\u00e0 del Vaticano.<\/em> La Fabbrica di San Pietro \u00e8 organizzata in diversi dipartimenti e dispone di un organico complessivo di circa 120 persone, tra i quali 80 \u201cSanpietrini\u201d, operai e maestranze specializzate che provvedono quotidianamente alla cura e a diversi lavori nella basilica. La Fabbrica di San Pietro si trova al pianterreno del Palazzo della Canonica, annesso alla Sagrestia Vaticana e il suo stemma \u00e8 costituito da una tiara con due chiavi pendenti rivolte verso l\u2019esterno, tenute insieme da nastri.<\/p>\n<p>&nbsp;<\/p>\n<p><strong>Il cantiere della basilica di San Pietro, oggi, \u00e8 \u2013 possiamo dire \u2013 chiuso. In che modo, allora, la Fabbrica svolge attualmente la sua attivit\u00e0?<\/strong><\/p>\n<p>Se il cantiere per la costruzione della basilica pu\u00f2 dirsi concluso, i lavori all\u2019interno della basilica sono moltissimi, continui e di ogni tipo. Non a caso nel linguaggio di ogni giorno, per indicare un lavoro che sembra non avere mai termine si usa, soprattutto a Roma, l\u2019espressione \u201cFabbrica di San Pietro\u201d. Il confronto \u00e8 certamente appropriato perch\u00e9 nella basilica vaticana \u201ci lavori non finiscono mai\u201d a causa della vita stessa della basilica, delle dimensioni dell\u2019edificio e delle diverse opere d\u2019arte e fede in esso presenti. La cura della basilica \u00e8 continua e impegnativa, basti pensare alla quotidiana pulizia dei pavimenti marmorei che coprono una superficie di oltre 20.000 mq (2 ettari!). I lavori di ordinaria e straordinaria manutenzione vengono generalmente effettuati dai \u201cSanpietrini\u201d, tra i quali si annoverano falegnami, muratori, fabbri, stuccatori, verniciatori, idraulici, elettricisti, marmisti, decoratori e <em>pontaroli<\/em>. Eredi di una secolare tradizione, il loro silenzioso, esperto e anonimo lavoro, consente ancora oggi la realizzazione di importanti e difficili interventi, eseguiti talvolta secondo le sperimentate tecniche dei secoli passati. Per i sofisticati sistemi di controllo e verifica ambientale, statica e microclimatica, come anche per i restauri, ci si avvale invece di diverse figure professionali, chiamate, di volta in volta, a collaborare con la Fabbrica di San Pietro.<\/p>\n<figure id=\"attachment_1444\" aria-describedby=\"caption-attachment-1444\" style=\"width: 203px\" class=\"wp-caption alignleft\"><a href=\"https:\/\/www.diocesidiroma.it\/culturaeuniversita\/wp-content\/uploads\/2018\/06\/011-Veduta-della-Basilica-di-San-Pietro.-Da-C.-Fontana-Il-Tempio-Vaticano-e-la-sua-origine-Roma-1694-\u00a9-Fabbrica-di-San-Pietro-in-Vaticano.jpg\"><img loading=\"lazy\" decoding=\"async\" class=\"size-medium wp-image-1444\" src=\"https:\/\/www.diocesidiroma.it\/culturaeuniversita\/wp-content\/uploads\/2018\/06\/011-Veduta-della-Basilica-di-San-Pietro.-Da-C.-Fontana-Il-Tempio-Vaticano-e-la-sua-origine-Roma-1694-\u00a9-Fabbrica-di-San-Pietro-in-Vaticano-203x300.jpg\" alt=\"\" width=\"203\" height=\"300\" srcset=\"https:\/\/www.diocesidiroma.it\/universita\/wp-content\/uploads\/2018\/06\/011-Veduta-della-Basilica-di-San-Pietro.-Da-C.-Fontana-Il-Tempio-Vaticano-e-la-sua-origine-Roma-1694-\u00a9-Fabbrica-di-San-Pietro-in-Vaticano-203x300.jpg 203w, https:\/\/www.diocesidiroma.it\/universita\/wp-content\/uploads\/2018\/06\/011-Veduta-della-Basilica-di-San-Pietro.-Da-C.-Fontana-Il-Tempio-Vaticano-e-la-sua-origine-Roma-1694-\u00a9-Fabbrica-di-San-Pietro-in-Vaticano-694x1024.jpg 694w, https:\/\/www.diocesidiroma.it\/universita\/wp-content\/uploads\/2018\/06\/011-Veduta-della-Basilica-di-San-Pietro.-Da-C.-Fontana-Il-Tempio-Vaticano-e-la-sua-origine-Roma-1694-\u00a9-Fabbrica-di-San-Pietro-in-Vaticano-768x1133.jpg 768w, https:\/\/www.diocesidiroma.it\/universita\/wp-content\/uploads\/2018\/06\/011-Veduta-della-Basilica-di-San-Pietro.-Da-C.-Fontana-Il-Tempio-Vaticano-e-la-sua-origine-Roma-1694-\u00a9-Fabbrica-di-San-Pietro-in-Vaticano-600x885.jpg 600w, https:\/\/www.diocesidiroma.it\/universita\/wp-content\/uploads\/2018\/06\/011-Veduta-della-Basilica-di-San-Pietro.-Da-C.-Fontana-Il-Tempio-Vaticano-e-la-sua-origine-Roma-1694-\u00a9-Fabbrica-di-San-Pietro-in-Vaticano-1041x1536.jpg 1041w, https:\/\/www.diocesidiroma.it\/universita\/wp-content\/uploads\/2018\/06\/011-Veduta-della-Basilica-di-San-Pietro.-Da-C.-Fontana-Il-Tempio-Vaticano-e-la-sua-origine-Roma-1694-\u00a9-Fabbrica-di-San-Pietro-in-Vaticano-1388x2048.jpg 1388w, https:\/\/www.diocesidiroma.it\/universita\/wp-content\/uploads\/2018\/06\/011-Veduta-della-Basilica-di-San-Pietro.-Da-C.-Fontana-Il-Tempio-Vaticano-e-la-sua-origine-Roma-1694-\u00a9-Fabbrica-di-San-Pietro-in-Vaticano.jpg 1476w\" sizes=\"auto, (max-width: 203px) 100vw, 203px\" \/><\/a><figcaption id=\"caption-attachment-1444\" class=\"wp-caption-text\">011 Veduta della Basilica di San Pietro. Da C. Fontana, Il Tempio Vaticano e la sua origine, Roma 1694 (\u00a9 Fabbrica di San Pietro in Vaticano)<\/figcaption><\/figure>\n<p><strong>Perdoni la domanda personale: come ci si sente ad essere \u201ccustode\u201d di quella che non pu\u00f2 essere chiamata semplicemente <em>chiesa<\/em>, ma piuttosto <em>centro della cristianit\u00e0<\/em>?<\/strong><\/p>\n<p>Personalmente avverto una grande responsabilit\u00e0 nei confronti dei pellegrini che, provenendo da ogni angolo della Terra, entrano nella Basilica di San Pietro. Varcando la soglia della prima Chiesa della cristianit\u00e0, i pellegrini attendono di vedere il volto stesso della Chiesa e sperano quasi di sentire il battito del cuore della Chiesa Cattolica, ben espressa dalle possenti braccia del colonnato del Bernini che si aprono sul mondo intero. Pertanto, noi che viviamo in questo luogo dobbiamo essere il volto bello della Chiesa, che ha ricevuto da Ges\u00f9, come segno di riconoscimento, il Comandamento dell\u2019Amore. Per questo motivo, cerco di curare un\u2019accoglienza cordiale, un annuncio meditato della Parola di Dio, un comportamento devoto cos\u00ec come merita il luogo bagnato dal sangue del primo Papa e di tanti martiri della prima generazione cristiana di Roma. \u00c8 un compito impegnativo, ma bello: anzi, entusiasmante! Quando Giovanni Paolo II, oggi santo, mi chiam\u00f2 a svolgere questo ruolo, mi disse: <em>\u00ab\u00c8 suo compito lasciar parlare le pietre che formano la Basilica di San Pietro. Esse gridano che qui c&#8217;\u00e8 soltanto una &#8220;pietra&#8221;: \u00e8 l&#8217;umile pescatore Simone, che Ges\u00f9 ha trasformato e trasforma in &#8220;roccia&#8221; su cui costruire continuamente l&#8217;unit\u00e0 della Chiesa\u00bb.<\/em> Ho raccolto l&#8217;impegno con trepidazione e cerco di viverlo con fervore e dedizione.<\/p>\n<p>&nbsp;<\/p>\n<p>(Articolo di Francesco d&#8217;Alfonso pubblicato su <em>ITALIA Informa<\/em> \u2013 Anno II, n. 2, marzo-aprile 2018)<\/p>\n","protected":false},"excerpt":{"rendered":"<p>a oltre cinque secoli, la Fabbrica di San Pietro provvede alla conservazione e alla cura del pi\u00f9 grande tempio della cristianit\u00e0, la Basilica Vaticana, sorta sulla sepoltura del principe degli Apostoli, che nel 1982 l\u2019UNESCO ha dichiarato patrimonio dell\u2019umanit\u00e0, insieme a tutto lo Stato della Citt\u00e0 del Vaticano. Ne abbiamo parlato con il cardinale Angelo Comastri, Presidente della Fabbrica, Arciprete della Basilica di San Pietro, Vicario generale del Santo Padre per lo Stato Citt\u00e0 del Vaticano.<\/p>\n","protected":false},"author":2,"featured_media":1440,"comment_status":"closed","ping_status":"open","sticky":false,"template":"","format":"standard","meta":{"footnotes":""},"categories":[14],"tags":[],"class_list":["post-1438","post","type-post","status-publish","format-standard","has-post-thumbnail","hentry","category-arte"],"acf":[],"_links":{"self":[{"href":"https:\/\/www.diocesidiroma.it\/universita\/index.php\/wp-json\/wp\/v2\/posts\/1438","targetHints":{"allow":["GET"]}}],"collection":[{"href":"https:\/\/www.diocesidiroma.it\/universita\/index.php\/wp-json\/wp\/v2\/posts"}],"about":[{"href":"https:\/\/www.diocesidiroma.it\/universita\/index.php\/wp-json\/wp\/v2\/types\/post"}],"author":[{"embeddable":true,"href":"https:\/\/www.diocesidiroma.it\/universita\/index.php\/wp-json\/wp\/v2\/users\/2"}],"replies":[{"embeddable":true,"href":"https:\/\/www.diocesidiroma.it\/universita\/index.php\/wp-json\/wp\/v2\/comments?post=1438"}],"version-history":[{"count":3,"href":"https:\/\/www.diocesidiroma.it\/universita\/index.php\/wp-json\/wp\/v2\/posts\/1438\/revisions"}],"predecessor-version":[{"id":1446,"href":"https:\/\/www.diocesidiroma.it\/universita\/index.php\/wp-json\/wp\/v2\/posts\/1438\/revisions\/1446"}],"wp:featuredmedia":[{"embeddable":true,"href":"https:\/\/www.diocesidiroma.it\/universita\/index.php\/wp-json\/wp\/v2\/media\/1440"}],"wp:attachment":[{"href":"https:\/\/www.diocesidiroma.it\/universita\/index.php\/wp-json\/wp\/v2\/media?parent=1438"}],"wp:term":[{"taxonomy":"category","embeddable":true,"href":"https:\/\/www.diocesidiroma.it\/universita\/index.php\/wp-json\/wp\/v2\/categories?post=1438"},{"taxonomy":"post_tag","embeddable":true,"href":"https:\/\/www.diocesidiroma.it\/universita\/index.php\/wp-json\/wp\/v2\/tags?post=1438"}],"curies":[{"name":"wp","href":"https:\/\/api.w.org\/{rel}","templated":true}]}}