{"id":1455,"date":"2018-06-20T14:21:10","date_gmt":"2018-06-20T12:21:10","guid":{"rendered":"https:\/\/www.diocesidiroma.it\/culturaeuniversita\/?p=1455"},"modified":"2018-06-20T14:21:10","modified_gmt":"2018-06-20T12:21:10","slug":"incontro-degli-operatori-di-pastorale-universitaria","status":"publish","type":"post","link":"https:\/\/www.diocesidiroma.it\/universita\/index.php\/incontro-degli-operatori-di-pastorale-universitaria\/","title":{"rendered":"Incontro degli operatori di Pastorale universitaria"},"content":{"rendered":"<p>di suor Emilia Di Massimo<\/p>\n<p><a href=\"https:\/\/www.diocesidiroma.it\/culturaeuniversita\/wp-content\/uploads\/2018\/06\/past-un.jpg\"><img loading=\"lazy\" decoding=\"async\" class=\"size-medium wp-image-1456 alignleft\" src=\"https:\/\/www.diocesidiroma.it\/culturaeuniversita\/wp-content\/uploads\/2018\/06\/past-un-300x225.jpg\" alt=\"\" width=\"300\" height=\"225\" srcset=\"https:\/\/www.diocesidiroma.it\/universita\/wp-content\/uploads\/2018\/06\/past-un-300x225.jpg 300w, https:\/\/www.diocesidiroma.it\/universita\/wp-content\/uploads\/2018\/06\/past-un-600x450.jpg 600w, https:\/\/www.diocesidiroma.it\/universita\/wp-content\/uploads\/2018\/06\/past-un.jpg 640w\" sizes=\"auto, (max-width: 300px) 100vw, 300px\" \/><\/a>\u00abLe linee guida sono state l<strong>e parole pronunciate da Papa Francesco al Convegno per la diocesi di Roma<\/strong>, e che principalmente si potrebbe riassumere nell\u2019interrogativo: <strong>qual \u00e8 il grido dei giovani?<\/strong>\u00bb<\/p>\n<p>Queste le parole di <strong>monsignor Angelo De Donatis, Vicario del Santo Padre per la Diocesi di Roma<\/strong>, nell\u2019incontro con i cappellani e i collaboratori della pastorale universitaria svoltosi il 18 giugno, presso il monastero delle Camaldolesi. Il Vicario ha sottolineato che senza la gioia non \u00e8 possibile l\u2019evangelizzazione. \u00ab<strong>I giovani &#8211; ha proseguito &#8211; hanno bisogno di vicinanza<\/strong>, soprattutto perch\u00e9 non perdano la speranza e, r<strong>iconciliandosi con la propria debolezza, incontrino la misericordia del Signore<\/strong>\u00bb. L\u2019augurio finale di monsignor De Donatis \u00e8 stato un invito a vivere la rivoluzione della tenerezza immergendosi nella realt\u00e0 di coloro che Egli ci affida, poich\u00e9 \u00e8 <strong>questo il principio dell\u2019Incarnazione<\/strong>.<\/p>\n<p>Nel corso dell\u2019incontro <strong>monsignor Andrea Lonardo ha guidato la riflessione in vista della programmazione per il prossimo anno<\/strong>. Don Andrea ha precisato che \u00e8 centrale pensare la pastorale universitaria con <strong>uno sguardo che abbracci l\u2019intera citt\u00e0<\/strong>, poich\u00e9 i giovani risiedono in un quartiere e in una parrocchia e studiano in un altro luogo.<a href=\"https:\/\/www.diocesidiroma.it\/culturaeuniversita\/wp-content\/uploads\/2018\/06\/de-donatis.jpg\"><img loading=\"lazy\" decoding=\"async\" class=\" wp-image-1457 alignright\" src=\"https:\/\/www.diocesidiroma.it\/culturaeuniversita\/wp-content\/uploads\/2018\/06\/de-donatis-300x169.jpg\" alt=\"\" width=\"255\" height=\"144\" srcset=\"https:\/\/www.diocesidiroma.it\/universita\/wp-content\/uploads\/2018\/06\/de-donatis-300x169.jpg 300w, https:\/\/www.diocesidiroma.it\/universita\/wp-content\/uploads\/2018\/06\/de-donatis-1024x577.jpg 1024w, https:\/\/www.diocesidiroma.it\/universita\/wp-content\/uploads\/2018\/06\/de-donatis-768x433.jpg 768w, https:\/\/www.diocesidiroma.it\/universita\/wp-content\/uploads\/2018\/06\/de-donatis-600x338.jpg 600w, https:\/\/www.diocesidiroma.it\/universita\/wp-content\/uploads\/2018\/06\/de-donatis-1536x865.jpg 1536w, https:\/\/www.diocesidiroma.it\/universita\/wp-content\/uploads\/2018\/06\/de-donatis.jpg 1944w\" sizes=\"auto, (max-width: 255px) 100vw, 255px\" \/><\/a><\/p>\n<p>Il dibattito, poi, \u00e8 stato ricco ed ha fatto sentire la <strong>vicinanza della Chiesa che cerca di testimoniare la sapienza cristiana<\/strong> in ambito universitario.<\/p>\n<p>La conclusione dell\u2019incontro ha lasciato nei presenti <strong>il desiderio di una nuova partenza che diventi, sempre di pi\u00f9, un impegno entusiasta a servizio dei giovani<\/strong>.<\/p>\n","protected":false},"excerpt":{"rendered":"<p>\u00abLe linee guida sono state le parole pronunciate da Papa Francesco al Convegno per la diocesi di Roma, e che principalmente si potrebbe riassumere nell\u2019interrogativo: qual \u00e8 il grido dei giovani?\u00bb<\/p>\n<p>Queste le parole di monsignor Angelo De Donatis, Vicario del Santo Padre per la Diocesi di Roma, nell\u2019incontro con i cappellani e i collaboratori della pastorale universitaria svoltosi il 18 giugno, presso il monastero delle Camaldolesi. <\/p>\n","protected":false},"author":2,"featured_media":1457,"comment_status":"closed","ping_status":"open","sticky":false,"template":"","format":"standard","meta":{"footnotes":""},"categories":[59],"tags":[99,97,98,96,100,101,69,94],"class_list":["post-1455","post","type-post","status-publish","format-standard","has-post-thumbnail","hentry","category-vita-universitaria","tag-citta","tag-diocesi","tag-misericordia","tag-pastorale","tag-sapienza","tag-testimonianza","tag-universita","tag-vita-universitaria"],"acf":[],"_links":{"self":[{"href":"https:\/\/www.diocesidiroma.it\/universita\/index.php\/wp-json\/wp\/v2\/posts\/1455","targetHints":{"allow":["GET"]}}],"collection":[{"href":"https:\/\/www.diocesidiroma.it\/universita\/index.php\/wp-json\/wp\/v2\/posts"}],"about":[{"href":"https:\/\/www.diocesidiroma.it\/universita\/index.php\/wp-json\/wp\/v2\/types\/post"}],"author":[{"embeddable":true,"href":"https:\/\/www.diocesidiroma.it\/universita\/index.php\/wp-json\/wp\/v2\/users\/2"}],"replies":[{"embeddable":true,"href":"https:\/\/www.diocesidiroma.it\/universita\/index.php\/wp-json\/wp\/v2\/comments?post=1455"}],"version-history":[{"count":4,"href":"https:\/\/www.diocesidiroma.it\/universita\/index.php\/wp-json\/wp\/v2\/posts\/1455\/revisions"}],"predecessor-version":[{"id":1461,"href":"https:\/\/www.diocesidiroma.it\/universita\/index.php\/wp-json\/wp\/v2\/posts\/1455\/revisions\/1461"}],"wp:featuredmedia":[{"embeddable":true,"href":"https:\/\/www.diocesidiroma.it\/universita\/index.php\/wp-json\/wp\/v2\/media\/1457"}],"wp:attachment":[{"href":"https:\/\/www.diocesidiroma.it\/universita\/index.php\/wp-json\/wp\/v2\/media?parent=1455"}],"wp:term":[{"taxonomy":"category","embeddable":true,"href":"https:\/\/www.diocesidiroma.it\/universita\/index.php\/wp-json\/wp\/v2\/categories?post=1455"},{"taxonomy":"post_tag","embeddable":true,"href":"https:\/\/www.diocesidiroma.it\/universita\/index.php\/wp-json\/wp\/v2\/tags?post=1455"}],"curies":[{"name":"wp","href":"https:\/\/api.w.org\/{rel}","templated":true}]}}