{"id":1714,"date":"2018-11-21T15:28:58","date_gmt":"2018-11-21T14:28:58","guid":{"rendered":"https:\/\/www.diocesidiroma.it\/culturaeuniversita\/?p=1714"},"modified":"2018-11-26T11:16:34","modified_gmt":"2018-11-26T10:16:34","slug":"il-servizio-per-la-cultura-e-luniversita-del-vicariato-di-roma-il-contributo-della-chiesa-per-la-ricerca-della-sapienza-e-della-verita","status":"publish","type":"post","link":"https:\/\/www.diocesidiroma.it\/universita\/index.php\/il-servizio-per-la-cultura-e-luniversita-del-vicariato-di-roma-il-contributo-della-chiesa-per-la-ricerca-della-sapienza-e-della-verita\/","title":{"rendered":"Il Servizio per la Cultura e l\u2019Universit\u00e0 del Vicariato di Roma: il contributo della Chiesa per la ricerca della sapienza e della verit\u00e0"},"content":{"rendered":"<p><a href=\"https:\/\/www.diocesidiroma.it\/culturaeuniversita\/wp-content\/uploads\/2018\/11\/Mons.-Andrea-Lonardo-2.jpg\"><img loading=\"lazy\" decoding=\"async\" class=\" wp-image-1716 alignleft\" src=\"https:\/\/www.diocesidiroma.it\/culturaeuniversita\/wp-content\/uploads\/2018\/11\/Mons.-Andrea-Lonardo-2-300x200.jpg\" alt=\"\" width=\"444\" height=\"296\" srcset=\"https:\/\/www.diocesidiroma.it\/universita\/wp-content\/uploads\/2018\/11\/Mons.-Andrea-Lonardo-2-300x200.jpg 300w, https:\/\/www.diocesidiroma.it\/universita\/wp-content\/uploads\/2018\/11\/Mons.-Andrea-Lonardo-2-768x512.jpg 768w, https:\/\/www.diocesidiroma.it\/universita\/wp-content\/uploads\/2018\/11\/Mons.-Andrea-Lonardo-2-600x400.jpg 600w, https:\/\/www.diocesidiroma.it\/universita\/wp-content\/uploads\/2018\/11\/Mons.-Andrea-Lonardo-2.jpg 960w\" sizes=\"auto, (max-width: 444px) 100vw, 444px\" \/><\/a><strong>\u00a0<\/strong><em>di Francesco d\u2019Alfonso<\/em><\/p>\n<p>&nbsp;<\/p>\n<p><strong>Quale principio sta alla base dell\u2019Ufficio del Vicariato incaricato di occuparsi della cultura e dell\u2019universit\u00e0?<\/strong><\/p>\n<p>Papa Francesco ci insegna che tutto deve tendere alla \u201csapienza\u201d, poich\u00e9 la mera \u201cscienza\u201d non basta. Il Papa ha parlato del <em>gaudium veritatis<\/em>, della \u201cgioia della verit\u00e0\u201d: abbiamo bisogno di una verit\u00e0 che sveli il senso della vita, che spinga alla misericordia e alla speranza, a generare bambini, opere d\u2019arte e relazioni di solidariet\u00e0, che ci faccia intravedere il modo di vincere la morte. Il compito, allora, del nuovo Servizio per la Cultura e l\u2019Universit\u00e0, espressamente voluto dal Cardinale Vicario Angelo De Donatis, \u00e8 proprio quello di lavorare perch\u00e9 la Chiesa, in Roma, possa offrire il suo contributo alla \u201cgioia della verit\u00e0\u201d.<\/p>\n<p><strong>In che modo l\u2019Ufficio lavora per portare avanti un cos\u00ec arduo compito?<\/strong><\/p>\n<p>Innanzitutto cercando di proseguire la linea di un incontro con la cultura e l\u2019universit\u00e0, partendo dalla consapevolezza che proprio le istituzioni accademiche sono il cuore del futuro della citt\u00e0 e possono veramente segnare il cammino di una nuova bellezza di Roma. Mi tornano in mente le parole di Papa Francesco pronunciate, lo scorso anno, all\u2019Universit\u00e0 di Bologna: \u00abLa parola\u00a0<em>universitas<\/em>\u00a0contiene l\u2019idea del\u00a0<em>tutto<\/em>\u00a0e quella della\u00a0<em>comunit\u00e0<\/em>. Ci aiuta a fare memoria delle origini \u2013 \u00e8 tanto prezioso coltivare la memoria! \u2013, di quei gruppi di studenti che cominciarono a radunarsi attorno ai maestri. Due ideali li spinsero, uno \u201cverticale\u201d: non si pu\u00f2 vivere davvero senza elevare l\u2019animo alla conoscenza, senza il desiderio di puntare verso l\u2019alto; e l\u2019altro \u201corizzontale\u201d: la ricerca va fatta insieme, stimolando e condividendo buoni interessi comuni\u00bb. Avere sempre presente questo dialogo della Chiesa con la citt\u00e0 sar\u00e0 anche un contributo prezioso al lavoro di memoria e riconciliazione che il Cardinale Vicario ha proposto alla Diocesi per il nuovo anno pastorale, chiedendoci, con parole bibliche, \u201cDove sei?\u201d<\/p>\n<p><strong>\u00a0<\/strong><strong>Eppure spesso, nel mondo contemporaneo, l\u2019universit\u00e0 \u00e8 vista esclusivamente come un volano per il mondo del lavoro. <a href=\"https:\/\/www.diocesidiroma.it\/culturaeuniversita\/wp-content\/uploads\/2018\/11\/Mons.-Andrea-Lonardo-nella-Cappella-Sistina-con-il-Cardinale-Vallini-e-lex-direttore-dei-Musei-Vaticani-Antonio-Paolucci.jpg\"><img loading=\"lazy\" decoding=\"async\" class=\"wp-image-1717 alignright\" src=\"https:\/\/www.diocesidiroma.it\/culturaeuniversita\/wp-content\/uploads\/2018\/11\/Mons.-Andrea-Lonardo-nella-Cappella-Sistina-con-il-Cardinale-Vallini-e-lex-direttore-dei-Musei-Vaticani-Antonio-Paolucci-200x300.jpg\" alt=\"\" width=\"294\" height=\"441\" srcset=\"https:\/\/www.diocesidiroma.it\/universita\/wp-content\/uploads\/2018\/11\/Mons.-Andrea-Lonardo-nella-Cappella-Sistina-con-il-Cardinale-Vallini-e-lex-direttore-dei-Musei-Vaticani-Antonio-Paolucci-200x300.jpg 200w, https:\/\/www.diocesidiroma.it\/universita\/wp-content\/uploads\/2018\/11\/Mons.-Andrea-Lonardo-nella-Cappella-Sistina-con-il-Cardinale-Vallini-e-lex-direttore-dei-Musei-Vaticani-Antonio-Paolucci-600x900.jpg 600w, https:\/\/www.diocesidiroma.it\/universita\/wp-content\/uploads\/2018\/11\/Mons.-Andrea-Lonardo-nella-Cappella-Sistina-con-il-Cardinale-Vallini-e-lex-direttore-dei-Musei-Vaticani-Antonio-Paolucci.jpg 640w\" sizes=\"auto, (max-width: 294px) 100vw, 294px\" \/><\/a><br \/>\n<\/strong><\/p>\n<p>\u00c8 scritto nel Talmud: \u00abLe prime generazioni consideravano il loro studio come occupazione fissa e il loro lavoro un\u2019occupazione temporanea; il risultato era che in entrambe le occupazioni avevano successo. Mentre le ultime generazioni, che hanno fatto del loro lavoro l\u2019occupazione fissa e del loro studio un\u2019occupazione temporanea, in entrambe le occupazioni non hanno avuto successo\u00bb. La ricerca della verit\u00e0, della bont\u00e0, della giustizia, della bellezza, non pu\u00f2 tendere solamente ad una soluzione occupazionale; confondere la riforma delle istituzioni formative con una mera accentuazione del loro legame con il mondo del lavoro \u00e8 fuorviante. Non che il lavoro non sia cultura: esso lo \u00e8 in sommo grado, ed anzi, proprio oggi, manca un\u2019etica del lavoro fatto \u201ca regola d\u2019arte\u201d, che impedisce a Roma e al paese di decollare.<\/p>\n<p><strong>In che modo il Servizio riuscir\u00e0 a supportare un mondo cos\u00ec sfaccettato come \u00e8 quello delle universit\u00e0?<\/strong><\/p>\n<p>Il desiderio di un rinnovato incontro con i circa 230.000 studenti universitari di Roma si concretizzer\u00e0 intorno a due fuochi. Da un lato un itinerario per animatori culturali desidera sostenere gli universitari a diventare loro stessi protagonisti della fondazione di centri culturali nelle diverse comunit\u00e0 accademiche; dall\u2019altro, la disponibilit\u00e0 di alcuni sacerdoti ad accogliere la domenica sera gli universitari, sia romani che fuori sede, per la celebrazione della Messa, intende contribuire alla creazione di un dialogo fra pastorale universitaria e pastorale giovanile. Una serie di appuntamenti \u00e8 stata pensata invece per i docenti, perch\u00e9, pur provenendo dalle diverse universit\u00e0, possano avere una piccola \u201ccasa\u201d di confronto amicale e fraterno. Ovviamente il vicinissimo Sinodo dei Giovani sar\u00e0 una luce per questo cammino e, al centro dei diversi incontri, ci saranno proprio le grandi questioni che riguardano i giovani: da un lato l\u2019orientamento e il discernimento nelle scelte, dall\u2019altro la loro ricerca di fede.<\/p>\n<p><strong>Quali sono le attivit\u00e0 previste che riguardano, in senso pi\u00f9 generale, la cultura?<\/strong><\/p>\n<p>Continueremo a seguire l\u2019itinerario intrapreso lo scorso anno alla scoperta di Roma, perch\u00e9 Roma \u00e8 una citt\u00e0 da vivere e da scoprire, appunto, anche per i romani stessi, e perch\u00e9 i luoghi d\u2019arte e di cultura sono per tutti, non per una \u00e9lite. Gli appuntamenti mensili di <em>Roma by night. Visioni<\/em><em> nel cuore di Roma<\/em> racconteranno la storia dell\u2019amicizia fra la Chiesa e la Cultura nell\u2019Urbe. In una serie di dialoghi a due voci, visiteremo i luoghi della citt\u00e0 che hanno determinato la sua storia culturale: dall\u2019antico Collegio Romano dei Gesuiti, oggi Liceo \u201cVisconti\u201d, all\u2019Ospedale di Santo Spirito in Sassia, con la sua millenaria storia medica, dall\u2019Oratorio della Chiesa Nuova voluto da San Filippo Neri per una cultura popolare, fino al Campidoglio, dove venivano \u201claureati\u201d i poeti. In quattro serate dedicate alle tele di Caravaggio dipinte per le chiese romane \u2013 <em>Caravaggio rifiutato?<\/em> \u2013 si approfondir\u00e0 invece la storia del grande maestro che tanto am\u00f2 l\u2019Urbe e che \u00e8 tuttora un simbolo delle contraddizioni della modernit\u00e0. Grande \u00e8 il desiderio che anche le persone pi\u00f9 bisognose possano partecipare a tale cammino e, insieme alla Caritas diocesana, sar\u00e0 proposto ad esse una visita guidata della basilica di San Giovanni in Laterano. Un\u2019attenzione particolare continuer\u00e0, infine, ad accompagnare le guide turistiche di Roma, con un itinerario formativo sulla Roma costantiniana e post-costantiniana.<\/p>\n<p><strong><a href=\"https:\/\/www.diocesidiroma.it\/culturaeuniversita\/wp-content\/uploads\/2018\/11\/Presentazione-dellultimo-libro-di-Mons.-Andrea-Lonardo-alla-Biblioteca-Casanatense.jpg\"><img loading=\"lazy\" decoding=\"async\" class=\" wp-image-1718 alignleft\" src=\"https:\/\/www.diocesidiroma.it\/culturaeuniversita\/wp-content\/uploads\/2018\/11\/Presentazione-dellultimo-libro-di-Mons.-Andrea-Lonardo-alla-Biblioteca-Casanatense-300x200.jpg\" alt=\"\" width=\"421\" height=\"280\" srcset=\"https:\/\/www.diocesidiroma.it\/universita\/wp-content\/uploads\/2018\/11\/Presentazione-dellultimo-libro-di-Mons.-Andrea-Lonardo-alla-Biblioteca-Casanatense-300x200.jpg 300w, https:\/\/www.diocesidiroma.it\/universita\/wp-content\/uploads\/2018\/11\/Presentazione-dellultimo-libro-di-Mons.-Andrea-Lonardo-alla-Biblioteca-Casanatense-1024x683.jpg 1024w, https:\/\/www.diocesidiroma.it\/universita\/wp-content\/uploads\/2018\/11\/Presentazione-dellultimo-libro-di-Mons.-Andrea-Lonardo-alla-Biblioteca-Casanatense-768x512.jpg 768w, https:\/\/www.diocesidiroma.it\/universita\/wp-content\/uploads\/2018\/11\/Presentazione-dellultimo-libro-di-Mons.-Andrea-Lonardo-alla-Biblioteca-Casanatense-600x400.jpg 600w, https:\/\/www.diocesidiroma.it\/universita\/wp-content\/uploads\/2018\/11\/Presentazione-dellultimo-libro-di-Mons.-Andrea-Lonardo-alla-Biblioteca-Casanatense.jpg 1280w\" sizes=\"auto, (max-width: 421px) 100vw, 421px\" \/><\/a>Proprio durante il Sinodo dei Giovani, da lei poc\u2019anzi citato, sar\u00e0 canonizzato Papa Paolo VI, che fu molto vicino al mondo dell\u2019Universit\u00e0 e, pi\u00f9 in generale, al mondo della cultura.<\/strong><\/p>\n<p>Esattamente. E infatti la figura di Paolo VI sar\u00e0 uno dei nostri pi\u00f9 grandi punti di riferimento. Egli scrisse, quando ancora era giovane assistente degli universitari della FUCI: \u00abAnche la scienza pu\u00f2 essere carit\u00e0. Chi si occupa a fondo d\u2019un argomento \u00e8 un benefattore dell\u2019umanit\u00e0. Cos\u00ec ci sembra di poter aggiungere, che chiunque con l\u2019attivit\u00e0 del pensiero e della penna cerca diffondere la verit\u00e0 rende servizio alla carit\u00e0\u00bb. E coni\u00f2, come titolo di quell\u2019articolo da cui \u00e8 ripresa la citazione, la bellissima espressione \u201ccarit\u00e0 intellettuale\u201d. Nell\u2019Enciclica <em>Evangelii nuntiandi<\/em>, scrisse ancora: \u00abLa rottura tra Vangelo e cultura \u00e8 senza dubbio il dramma della nostra epoca. Occorre quindi fare tutti gli sforzi in vista di una generosa evangelizzazione della cultura, pi\u00f9 esattamente delle culture\u00bb. Il Servizio per la Cultura e l\u2019Universit\u00e0 del Vicariato di Roma intende offrire il suo contributo affinch\u00e9 lo iato denunciato da Papa Montini \u2013 letale sia per la Chiesa che per la cultura stessa \u2013non raffreddi, anche oggi, il bisogno reciproco.<\/p>\n<p>(Articolo di Francesco d\u2019Alfonso pubblicato su <em>ITALIA Informa<\/em> \u2013 Anno II, n. 4 Luglio-Agosto 2018)<\/p>\n<p><a href=\"https:\/\/italia-informa.com\/servizio-cultura-universit%C3%A0-vicariato-roma.aspx\">https:\/\/italia-informa.com\/servizio-cultura-universit%C3%A0-vicariato-roma.aspx<\/a><\/p>\n","protected":false},"excerpt":{"rendered":"<p>Intervista al direttore, monsignor Andrea Lonardo <\/p>\n","protected":false},"author":2,"featured_media":1716,"comment_status":"closed","ping_status":"open","sticky":false,"template":"","format":"standard","meta":{"footnotes":""},"categories":[1,44],"tags":[],"class_list":["post-1714","post","type-post","status-publish","format-standard","has-post-thumbnail","hentry","category-news","category-vita-culturale"],"acf":[],"_links":{"self":[{"href":"https:\/\/www.diocesidiroma.it\/universita\/index.php\/wp-json\/wp\/v2\/posts\/1714","targetHints":{"allow":["GET"]}}],"collection":[{"href":"https:\/\/www.diocesidiroma.it\/universita\/index.php\/wp-json\/wp\/v2\/posts"}],"about":[{"href":"https:\/\/www.diocesidiroma.it\/universita\/index.php\/wp-json\/wp\/v2\/types\/post"}],"author":[{"embeddable":true,"href":"https:\/\/www.diocesidiroma.it\/universita\/index.php\/wp-json\/wp\/v2\/users\/2"}],"replies":[{"embeddable":true,"href":"https:\/\/www.diocesidiroma.it\/universita\/index.php\/wp-json\/wp\/v2\/comments?post=1714"}],"version-history":[{"count":3,"href":"https:\/\/www.diocesidiroma.it\/universita\/index.php\/wp-json\/wp\/v2\/posts\/1714\/revisions"}],"predecessor-version":[{"id":1720,"href":"https:\/\/www.diocesidiroma.it\/universita\/index.php\/wp-json\/wp\/v2\/posts\/1714\/revisions\/1720"}],"wp:featuredmedia":[{"embeddable":true,"href":"https:\/\/www.diocesidiroma.it\/universita\/index.php\/wp-json\/wp\/v2\/media\/1716"}],"wp:attachment":[{"href":"https:\/\/www.diocesidiroma.it\/universita\/index.php\/wp-json\/wp\/v2\/media?parent=1714"}],"wp:term":[{"taxonomy":"category","embeddable":true,"href":"https:\/\/www.diocesidiroma.it\/universita\/index.php\/wp-json\/wp\/v2\/categories?post=1714"},{"taxonomy":"post_tag","embeddable":true,"href":"https:\/\/www.diocesidiroma.it\/universita\/index.php\/wp-json\/wp\/v2\/tags?post=1714"}],"curies":[{"name":"wp","href":"https:\/\/api.w.org\/{rel}","templated":true}]}}