{"id":1814,"date":"2019-01-22T17:00:54","date_gmt":"2019-01-22T16:00:54","guid":{"rendered":"https:\/\/www.diocesidiroma.it\/culturaeuniversita\/?p=1814"},"modified":"2019-01-28T12:12:57","modified_gmt":"2019-01-28T11:12:57","slug":"incontri-per-docenti-universitari","status":"publish","type":"post","link":"https:\/\/www.diocesidiroma.it\/universita\/index.php\/incontri-per-docenti-universitari\/","title":{"rendered":"INCONTRI PER DOCENTI UNIVERSITARI"},"content":{"rendered":"<p style=\"text-align: left;\">Il giorno marted\u00ec 22 Gennaio 2019 alle ore 17.00 avr\u00e0 luogo il secondo &#8220;incontro per i docenti universitari&#8221; organizzato dal servizio per la cultura e l&#8217;universit\u00e0 della Diocesi di Roma. Il tema dell&#8217;incontro sar\u00e0 &#8220;<strong>IL DISCERNIMENTO VOCAZIONALE: L&#8217;universit\u00e0 come tempo delle scelte<\/strong>&#8220;.<\/p>\n<p style=\"text-align: left;\">L&#8217;evento avr\u00e0 luogo presso l&#8217;Universit\u00e0 Sapienza nell&#8217;Aula Multimediale del Rettorato.<\/p>\n<p style=\"text-align: left;\">Relatori dell&#8217;evento saranno il Prof. Giampaolo Nicolais (Sapienza) e la Prof.ssa Cecilia Romana Costa (Roma Tre).<\/p>\n<p><img loading=\"lazy\" decoding=\"async\" class=\" wp-image-1698 aligncenter\" src=\"https:\/\/www.diocesidiroma.it\/culturaeuniversita\/wp-content\/uploads\/2018\/11\/Vicariato-Incontri-per-docenti2-300x214.jpg\" alt=\"\" width=\"613\" height=\"437\" srcset=\"https:\/\/www.diocesidiroma.it\/universita\/wp-content\/uploads\/2018\/11\/Vicariato-Incontri-per-docenti2-300x214.jpg 300w, https:\/\/www.diocesidiroma.it\/universita\/wp-content\/uploads\/2018\/11\/Vicariato-Incontri-per-docenti2-1024x731.jpg 1024w, https:\/\/www.diocesidiroma.it\/universita\/wp-content\/uploads\/2018\/11\/Vicariato-Incontri-per-docenti2-768x548.jpg 768w, https:\/\/www.diocesidiroma.it\/universita\/wp-content\/uploads\/2018\/11\/Vicariato-Incontri-per-docenti2-600x428.jpg 600w, https:\/\/www.diocesidiroma.it\/universita\/wp-content\/uploads\/2018\/11\/Vicariato-Incontri-per-docenti2.jpg 1241w\" sizes=\"auto, (max-width: 613px) 100vw, 613px\" \/><\/p>\n<p>&nbsp;<\/p>\n<p>&nbsp;<\/p>\n<p>&nbsp;<\/p>\n","protected":false},"excerpt":{"rendered":"<p>Il giorno marted\u00ec 22 Gennaio 2019 alle ore 17.00 avr\u00e0 luogo il secondo &#8220;incontro per i docenti universitari&#8221; organizzato dal servizio per la cultura e l&#8217;universit\u00e0 della Diocesi di Roma. <a href=\"https:\/\/www.diocesidiroma.it\/universita\/index.php\/incontri-per-docenti-universitari\/\"> Read more&#8230;<\/a><\/p>\n","protected":false},"author":11,"featured_media":1700,"comment_status":"closed","ping_status":"open","sticky":false,"template":"","format":"standard","meta":{"footnotes":""},"categories":[67],"tags":[],"class_list":["post-1814","post","type-post","status-publish","format-standard","has-post-thumbnail","hentry","category-archivio-eventi"],"acf":[],"_links":{"self":[{"href":"https:\/\/www.diocesidiroma.it\/universita\/index.php\/wp-json\/wp\/v2\/posts\/1814","targetHints":{"allow":["GET"]}}],"collection":[{"href":"https:\/\/www.diocesidiroma.it\/universita\/index.php\/wp-json\/wp\/v2\/posts"}],"about":[{"href":"https:\/\/www.diocesidiroma.it\/universita\/index.php\/wp-json\/wp\/v2\/types\/post"}],"author":[{"embeddable":true,"href":"https:\/\/www.diocesidiroma.it\/universita\/index.php\/wp-json\/wp\/v2\/users\/11"}],"replies":[{"embeddable":true,"href":"https:\/\/www.diocesidiroma.it\/universita\/index.php\/wp-json\/wp\/v2\/comments?post=1814"}],"version-history":[{"count":7,"href":"https:\/\/www.diocesidiroma.it\/universita\/index.php\/wp-json\/wp\/v2\/posts\/1814\/revisions"}],"predecessor-version":[{"id":1823,"href":"https:\/\/www.diocesidiroma.it\/universita\/index.php\/wp-json\/wp\/v2\/posts\/1814\/revisions\/1823"}],"wp:featuredmedia":[{"embeddable":true,"href":"https:\/\/www.diocesidiroma.it\/universita\/index.php\/wp-json\/wp\/v2\/media\/1700"}],"wp:attachment":[{"href":"https:\/\/www.diocesidiroma.it\/universita\/index.php\/wp-json\/wp\/v2\/media?parent=1814"}],"wp:term":[{"taxonomy":"category","embeddable":true,"href":"https:\/\/www.diocesidiroma.it\/universita\/index.php\/wp-json\/wp\/v2\/categories?post=1814"},{"taxonomy":"post_tag","embeddable":true,"href":"https:\/\/www.diocesidiroma.it\/universita\/index.php\/wp-json\/wp\/v2\/tags?post=1814"}],"curies":[{"name":"wp","href":"https:\/\/api.w.org\/{rel}","templated":true}]}}