{"id":1845,"date":"2019-01-18T00:00:13","date_gmt":"2019-01-17T23:00:13","guid":{"rendered":"https:\/\/www.diocesidiroma.it\/culturaeuniversita\/?p=1845"},"modified":"2019-01-28T12:12:35","modified_gmt":"2019-01-28T11:12:35","slug":"annullato-evento-18-gennaio","status":"publish","type":"post","link":"https:\/\/www.diocesidiroma.it\/universita\/index.php\/annullato-evento-18-gennaio\/","title":{"rendered":"ANNULLATO EVENTO 18 GENNAIO 2019"},"content":{"rendered":"<p>L\u2019incontro di <em>Roma by Night <\/em>previsto per <strong>venerd\u00ec 18 gennaio a San Paolo fuori le Mura<\/strong> \u00e8 stato rimandato a data da destinarsi perch\u00e9, in quella data e in quella basilica, Papa Francesco presieder\u00e0 la Veglia di preghiera per l\u2019unit\u00e0 dei cristiani.<\/p>\n","protected":false},"excerpt":{"rendered":"<p>L\u2019incontro di Roma by Night previsto per venerd\u00ec 18 gennaio a San Paolo fuori le Mura \u00e8 stato rimandato a data da destinarsi perch\u00e9, in quella data e in quella <a href=\"https:\/\/www.diocesidiroma.it\/universita\/index.php\/annullato-evento-18-gennaio\/\"> Read more&#8230;<\/a><\/p>\n","protected":false},"author":2,"featured_media":1809,"comment_status":"closed","ping_status":"open","sticky":false,"template":"","format":"standard","meta":{"footnotes":""},"categories":[67],"tags":[],"class_list":["post-1845","post","type-post","status-publish","format-standard","has-post-thumbnail","hentry","category-archivio-eventi"],"acf":[],"_links":{"self":[{"href":"https:\/\/www.diocesidiroma.it\/universita\/index.php\/wp-json\/wp\/v2\/posts\/1845","targetHints":{"allow":["GET"]}}],"collection":[{"href":"https:\/\/www.diocesidiroma.it\/universita\/index.php\/wp-json\/wp\/v2\/posts"}],"about":[{"href":"https:\/\/www.diocesidiroma.it\/universita\/index.php\/wp-json\/wp\/v2\/types\/post"}],"author":[{"embeddable":true,"href":"https:\/\/www.diocesidiroma.it\/universita\/index.php\/wp-json\/wp\/v2\/users\/2"}],"replies":[{"embeddable":true,"href":"https:\/\/www.diocesidiroma.it\/universita\/index.php\/wp-json\/wp\/v2\/comments?post=1845"}],"version-history":[{"count":3,"href":"https:\/\/www.diocesidiroma.it\/universita\/index.php\/wp-json\/wp\/v2\/posts\/1845\/revisions"}],"predecessor-version":[{"id":1849,"href":"https:\/\/www.diocesidiroma.it\/universita\/index.php\/wp-json\/wp\/v2\/posts\/1845\/revisions\/1849"}],"wp:featuredmedia":[{"embeddable":true,"href":"https:\/\/www.diocesidiroma.it\/universita\/index.php\/wp-json\/wp\/v2\/media\/1809"}],"wp:attachment":[{"href":"https:\/\/www.diocesidiroma.it\/universita\/index.php\/wp-json\/wp\/v2\/media?parent=1845"}],"wp:term":[{"taxonomy":"category","embeddable":true,"href":"https:\/\/www.diocesidiroma.it\/universita\/index.php\/wp-json\/wp\/v2\/categories?post=1845"},{"taxonomy":"post_tag","embeddable":true,"href":"https:\/\/www.diocesidiroma.it\/universita\/index.php\/wp-json\/wp\/v2\/tags?post=1845"}],"curies":[{"name":"wp","href":"https:\/\/api.w.org\/{rel}","templated":true}]}}