{"id":2062,"date":"2019-05-07T12:09:52","date_gmt":"2019-05-07T10:09:52","guid":{"rendered":"https:\/\/www.diocesidiroma.it\/culturaeuniversita\/?p=2062"},"modified":"2019-05-22T16:21:15","modified_gmt":"2019-05-22T14:21:15","slug":"figli-di-giuda-uno-spettacolo-promosso-dalla-caritas-diocesano","status":"publish","type":"post","link":"https:\/\/www.diocesidiroma.it\/universita\/index.php\/figli-di-giuda-uno-spettacolo-promosso-dalla-caritas-diocesano\/","title":{"rendered":"FIGLI DI GIUDA, uno spettacolo promosso dalla Caritas diocesano"},"content":{"rendered":"<p style=\"text-align: center;\">\u201cCome in cielo, cos\u00ec in strada\u201d \u00e8 lo slogan che la <strong>Caritas di Roma<\/strong> ha scelto per le iniziative che promuove a sostegno delle persone senza dimora che vivono nella capitale e che, soprattutto nei mesi pi\u00f9 freddi dell\u2019anno, rischiano di rimanere isolati ed emarginati.<br \/>\nNell&#8217;ambito di questa campagna di sensibilizzazione, abbiamo deciso di inserire un\u2019iniziativa di raccolta fondi, il cui ricavato sar\u00e0 devoluto alle attivit\u00e0 e ai servizi in strada che offriamo quotidianamente alle persone incontrate di notte nei luoghi sensibili della citt\u00e0.<\/p>\n<p style=\"text-align: center;\">\n<strong>Mercoled\u00ec 22 maggio 2019 alle ore 20.30<\/strong><br \/>\npresso il Teatro Brancaccio, Via Merulana 244<br \/>\nandr\u00e0 in scena<\/p>\n<p style=\"text-align: center;\"><strong>FIGLI DI GIUDA<\/strong><\/p>\n<p style=\"text-align: center;\">\nun <strong>MUSICAL<\/strong> dedicato agli invisibili interpretato dai giovani attori del Gruppo Teatrale \u201ci Sognattori\u201d della parrocchia di San Giuda Taddeo. (Vedi locandina)<br \/>\nLo spettacolo, ambientato in una stazione ferroviaria tra barboni e angeli della notte, \u00e8 un\u2019occasione per ridere e cantare, ma anche per pensare e riflettere.<br \/>\nI partecipanti sono invitati a versare un\u2019offerta preferibilmente non inferiore a 10 euro.<br \/>\nPer info e prenotazioni: Tel. 06 888 15 120. E-mail: donazioni@caritasroma.it<\/p>\n<p><strong>COME PUOI DONARE<\/strong><\/p>\n<p><strong>In contanti<\/strong><br \/>\nPresso l\u2019Ufficio Fondi e Donazioni, Via Casilina Vecchia 19 (angolo Piazza Lodi).<br \/>\nOrari: dal luned\u00ec al venerd\u00ec ore 9.00 \u2013 16.00 orario continuato<\/p>\n<p>Mediante Bonifico Bancario intestato a Caritas Roma &#8211; ONLUS<br \/>\nIBAN: IT 50 F 07601 03200 0010219 45793 &#8211; Causale: Musical Figli di Giuda<br \/>\nSi prega di inviare minuta dell\u2019avvenuto bonifico a donazioni@caritasroma.it, indicando il numero dei relativi partecipanti<\/p>\n<p>Carta di credito &#8211; CLICCA QUI<br \/>\nRicordati di indicare il tuo nominativo, un recapito telefonico e il numero dei relativi partecipanti<br \/>\nTI RICORDIAMO INOLTRE CHE PER LE DONAZIONI MEDIANTE BONIFICO E CARTA DI CREDITO E\u2019 PREVISTA LADETRAIBILIT\u00c0 FISCALE.<\/p>\n<p>&#8212;<br \/>\nCaritas Diocesana di Roma<br \/>\nSettore Raccolta Fondi e Donazioni<\/p>\n<p>06 888 15 125 &#8211; diretto<br \/>\n06 888 15 120<br \/>\n06 888 15 122 &#8211; fax<\/p>\n","protected":false},"excerpt":{"rendered":"<p>FIGLI DI GIUDA, uno spettacolo promosso dalla Caritas diocesano, Mercoled\u00ec 22 maggio 2019 alle ore 20.30<br \/>\npresso il Teatro Brancaccio, Via Merulana 244 Roma<\/p>\n","protected":false},"author":11,"featured_media":2064,"comment_status":"closed","ping_status":"open","sticky":false,"template":"","format":"standard","meta":{"footnotes":""},"categories":[67],"tags":[],"class_list":["post-2062","post","type-post","status-publish","format-standard","has-post-thumbnail","hentry","category-archivio-eventi"],"acf":[],"_links":{"self":[{"href":"https:\/\/www.diocesidiroma.it\/universita\/index.php\/wp-json\/wp\/v2\/posts\/2062","targetHints":{"allow":["GET"]}}],"collection":[{"href":"https:\/\/www.diocesidiroma.it\/universita\/index.php\/wp-json\/wp\/v2\/posts"}],"about":[{"href":"https:\/\/www.diocesidiroma.it\/universita\/index.php\/wp-json\/wp\/v2\/types\/post"}],"author":[{"embeddable":true,"href":"https:\/\/www.diocesidiroma.it\/universita\/index.php\/wp-json\/wp\/v2\/users\/11"}],"replies":[{"embeddable":true,"href":"https:\/\/www.diocesidiroma.it\/universita\/index.php\/wp-json\/wp\/v2\/comments?post=2062"}],"version-history":[{"count":2,"href":"https:\/\/www.diocesidiroma.it\/universita\/index.php\/wp-json\/wp\/v2\/posts\/2062\/revisions"}],"predecessor-version":[{"id":2065,"href":"https:\/\/www.diocesidiroma.it\/universita\/index.php\/wp-json\/wp\/v2\/posts\/2062\/revisions\/2065"}],"wp:featuredmedia":[{"embeddable":true,"href":"https:\/\/www.diocesidiroma.it\/universita\/index.php\/wp-json\/wp\/v2\/media\/2064"}],"wp:attachment":[{"href":"https:\/\/www.diocesidiroma.it\/universita\/index.php\/wp-json\/wp\/v2\/media?parent=2062"}],"wp:term":[{"taxonomy":"category","embeddable":true,"href":"https:\/\/www.diocesidiroma.it\/universita\/index.php\/wp-json\/wp\/v2\/categories?post=2062"},{"taxonomy":"post_tag","embeddable":true,"href":"https:\/\/www.diocesidiroma.it\/universita\/index.php\/wp-json\/wp\/v2\/tags?post=2062"}],"curies":[{"name":"wp","href":"https:\/\/api.w.org\/{rel}","templated":true}]}}