{"id":2436,"date":"2020-03-10T18:09:49","date_gmt":"2020-03-10T17:09:49","guid":{"rendered":"https:\/\/www.diocesidiroma.it\/culturaeuniversita\/?p=2436"},"modified":"2020-03-26T17:19:02","modified_gmt":"2020-03-26T16:19:02","slug":"11-marzo-2020-una-giornata-di-digiuno-e-preghiera-nella-diocesi-di-roma","status":"publish","type":"post","link":"https:\/\/www.diocesidiroma.it\/universita\/index.php\/11-marzo-2020-una-giornata-di-digiuno-e-preghiera-nella-diocesi-di-roma\/","title":{"rendered":"11 marzo 2020 una giornata di digiuno e preghiera nella diocesi di Roma"},"content":{"rendered":"<p>Carissimi,<br \/>\nvi scrivo al termine degli esercizi spirituali con la curia romana ad Ariccia. In questi giorni di preghiera e di silenzio, ho sentito forte il grido della nostra citt\u00e0, dell\u2019Italia e del mondo, in questo momento particolare che stiamo vivendo. \u00c8 una situazione a cui non siamo abituati, che ci preoccupa, ma soprattutto ora siamo chiamati a vivere con la forza della fede, la certezza della speranza, la gioia della carit\u00e0.<\/p>\n<p>Mettendoci in ascolto della Parola di Dio di ogni giorno, vogliamo leggere questi tempi con i Suoi occhi, aiutando le nostre comunit\u00e0 a tornare a Lui, a riscoprire ci\u00f2 che \u00e8 essenziale, a ritrovare il gusto della preghiera. Sono questi i giorni in cui infondere speranza, in cui trasmettere fiducia, in cui metterci in ginocchio per intercedere per il mondo. Penso all\u2019intercessione della regina Ester per la salvezza del suo popolo (cfr. Est 4,17) e all\u2019insegnamento di Ges\u00f9 sull\u2019efficacia della preghiera (cfr. Mt 7,7-12). Questa forza la sperimentiamo in particolare quando siamo consapevoli delle nostre debolezze, delle nostre fragilit\u00e0, del senso di smarrimento che avvertiamo davanti all\u2019imprevisto e all\u2019ignoto.<\/p>\n<p>\u201cChiedete e vi sar\u00e0 dato, cercate e troverete, bussate e vi sar\u00e0 aperto\u201d (Mt 7,7).<br \/>\nChiedere \u00e8 l\u2019atteggiamento del mendicante che ha bisogno di ricevere dagli altri ci\u00f2 che non pu\u00f2 ottenere con le proprie forze. A Dio chiediamo ci\u00f2 che non possiamo procurarci da soli: il soffio della vita, il perdono, la pace interiore, la salvezza. Cercare indica un movimento, un darsi da fare per avere prima di tutto \u201cil Regno di Dio e la sua giustizia\u201d (cfr. Mt 6,33), certi che Dio provveder\u00e0 per ci\u00f2 di cui abbiamo bisogno. Bussare \u00e8 desiderare di entrare nell\u2019intimit\u00e0 del Padre, cio\u00e8 nella Sua volont\u00e0, attraverso la porta della misericordia che \u00e8 Cristo stesso.<\/p>\n<p>Il Centro per la Pastorale Sanitaria, dall\u2019inizio dell\u2019anno, invita a celebrare ogni mese, il giorno 11, la giornata mensile del malato. Vista la necessit\u00e0 del momento, in comunione con il Consiglio Episcopale,<strong> chiedo a tutti i cristiani di Roma, di offrire una giornata di preghiera e di digiuno, mercoled\u00ec 11 marzo 2020, per invocare da Dio aiuto per la nostra citt\u00e0, per l\u2019Italia e per il mondo.<\/strong> Lo stesso giorno presieder\u00f2 una Santa Messa dal Santuario del Divino Amore alle 19 che vi invito a seguire in diretta su Telepace (canale 73 e canale 515 di Sky) e in streaming sulla pagina Facebook della diocesi di Roma.<\/p>\n<p>Pregheremo per quanti sono contagiati e per chi si prende cura di loro; e per le nostre comunit\u00e0, perch\u00e9 siano testimonianza di fede e di speranza in questo momento.<\/p>\n<p><strong>Oltre al digiuno, rinunciando ad un pasto, vogliamo essere vicini, con un segno di elemosina,<\/strong> raccogliendo delle offerte che devolveremo a sostegno del personale sanitario che si sta spendendo con generosit\u00e0 e sacrificio nella cura dei malati (le offerte si potranno consegnare al Centro per la Pastorale Sanitaria del Vicariato).<\/p>\n<p>Affidandoci a Maria, Madre del Divino Amore e Salute degli infermi,<br \/>\nVi benedico,<\/p>\n<p>Angelo card. De Donatis<\/p>\n<p><strong>Per aggiornamenti vedi<\/strong>:\u00a0<a href=\"http:\/\/www.diocesidiroma.it\/11-marzo-2020-giornata-di-digiuno-e-preghiera-e-messa-al-divino-amore\/\">http:\/\/www.diocesidiroma.it\/11-marzo-2020-giornata-di-digiuno-e-preghiera-e-messa-al-divino-amore\/<\/a><\/p>\n","protected":false},"excerpt":{"rendered":"<p>Carissimi, vi scrivo al termine degli esercizi spirituali con la curia romana ad Ariccia. In questi giorni di preghiera e di silenzio, ho sentito forte il grido della nostra citt\u00e0, <a href=\"https:\/\/www.diocesidiroma.it\/universita\/index.php\/11-marzo-2020-una-giornata-di-digiuno-e-preghiera-nella-diocesi-di-roma\/\"> Read more&#8230;<\/a><\/p>\n","protected":false},"author":11,"featured_media":2439,"comment_status":"closed","ping_status":"open","sticky":false,"template":"","format":"standard","meta":{"footnotes":""},"categories":[1],"tags":[],"class_list":["post-2436","post","type-post","status-publish","format-standard","has-post-thumbnail","hentry","category-news"],"acf":[],"_links":{"self":[{"href":"https:\/\/www.diocesidiroma.it\/universita\/index.php\/wp-json\/wp\/v2\/posts\/2436","targetHints":{"allow":["GET"]}}],"collection":[{"href":"https:\/\/www.diocesidiroma.it\/universita\/index.php\/wp-json\/wp\/v2\/posts"}],"about":[{"href":"https:\/\/www.diocesidiroma.it\/universita\/index.php\/wp-json\/wp\/v2\/types\/post"}],"author":[{"embeddable":true,"href":"https:\/\/www.diocesidiroma.it\/universita\/index.php\/wp-json\/wp\/v2\/users\/11"}],"replies":[{"embeddable":true,"href":"https:\/\/www.diocesidiroma.it\/universita\/index.php\/wp-json\/wp\/v2\/comments?post=2436"}],"version-history":[{"count":2,"href":"https:\/\/www.diocesidiroma.it\/universita\/index.php\/wp-json\/wp\/v2\/posts\/2436\/revisions"}],"predecessor-version":[{"id":2438,"href":"https:\/\/www.diocesidiroma.it\/universita\/index.php\/wp-json\/wp\/v2\/posts\/2436\/revisions\/2438"}],"wp:featuredmedia":[{"embeddable":true,"href":"https:\/\/www.diocesidiroma.it\/universita\/index.php\/wp-json\/wp\/v2\/media\/2439"}],"wp:attachment":[{"href":"https:\/\/www.diocesidiroma.it\/universita\/index.php\/wp-json\/wp\/v2\/media?parent=2436"}],"wp:term":[{"taxonomy":"category","embeddable":true,"href":"https:\/\/www.diocesidiroma.it\/universita\/index.php\/wp-json\/wp\/v2\/categories?post=2436"},{"taxonomy":"post_tag","embeddable":true,"href":"https:\/\/www.diocesidiroma.it\/universita\/index.php\/wp-json\/wp\/v2\/tags?post=2436"}],"curies":[{"name":"wp","href":"https:\/\/api.w.org\/{rel}","templated":true}]}}