{"id":2454,"date":"2020-04-08T17:38:25","date_gmt":"2020-04-08T15:38:25","guid":{"rendered":"https:\/\/www.diocesidiroma.it\/culturaeuniversita\/?p=2454"},"modified":"2020-05-14T10:37:14","modified_gmt":"2020-05-14T08:37:14","slug":"celebrazioni-liturgiche-della-settimana-santa-con-papa-francesco","status":"publish","type":"post","link":"https:\/\/www.diocesidiroma.it\/universita\/index.php\/celebrazioni-liturgiche-della-settimana-santa-con-papa-francesco\/","title":{"rendered":"Celebrazioni Liturgiche della Settimana Santa con Papa Francesco"},"content":{"rendered":"<div class=\"article__subTitle\"><em>Le celebrazioni del Gioved\u00ec e Venerd\u00ec Santo, la Messa della Veglia e della Domenica: cos\u00ec tutto \u00e8 stato ripensato per accompagnare i fedeli in tempo di pandemia.<\/em><\/div>\n<div class=\"title__separator\"><\/div>\n<div class=\"article__text\">\n<p>Tutto sar\u00e0 pi\u00f9 sobrio ed essenziale. L\u2019Ufficio delle Celebrazioni Liturgiche del Sommo Pontefice, ha dovuto organizzare in tempi rapidi le celebrazioni papali che Francesco sta per presiedere senza la presenza dei fedeli, in una Basilica di San Pietro semivuota. Eppure mai come in questa Pasqua tanti guarderanno al Papa grazie ai mezzi di comunicazione. Il Papa vuole infatti essere vicino alle tante persone impossibilitate ad andare a Messa e a partecipare alle liturgie di questo singolare Triduo Pasquale in tempo di pandemia e di isolamento forzato. Il Crocifisso di San Marcello e l\u2019icona della Salus populi Romani che hanno accompagnato sia la preghiera del 27 marzo, sia la Messa della Domenica delle Palme saranno sempre presenti.<\/p>\n<p>Il Gioved\u00ec Santo, com\u2019\u00e8 gi\u00e0 noto, il Papa non presieder\u00e0 la Messa del Crisma con i sacerdoti di Roma: la celebrazione si terr\u00e0 a crisi finita. <strong>La Messa in Coena Domini<\/strong>, che fa memoria dell\u2019istituzione dell\u2019Eucaristia, <strong>si terr\u00e0 alle ore 18 all\u2019altare della Cattedra<\/strong> senza il tradizionale rito della lavanda dei piedi (che comunque \u00e8 previsto possa essere omesso) e non si concluder\u00e0 con la reposizione del Santissimo alla fine della celebrazione.<\/p>\n<p>Venerd\u00ec Santo i momenti saranno due. Il primo \u00e8 la Liturgia della Passione e dell\u2019adorazione della Croce, alle 18, nella Basilica di San Pietro. Il Crocifisso di San Marcello sar\u00e0 coperto. Ci sar\u00e0 una meditazione del Predicatore della Casa Pontificia, padre Raniero Cantalamessa, quindi il Crocifisso verr\u00e0 svelato. Ci sar\u00e0 l\u2019adorazione ma non il bacio alla Croce.<\/p>\n<p>La sera del <strong>Venerd\u00ec Santo, alle 21, la Via Crucis si terr\u00e0 in Piazza San Pietro<\/strong>, con le stazioni lungo il colonnato, attorno all\u2019obelisco e infine lungo il percorso che conduce al sagrato. Due i gruppi dei portatori della croce. Ci saranno dei detenuti del carcere Due Palazzi di Padova (le meditazioni sono state scritte da alcuni di loro), e dei medici e infermieri del FAS. Medici e infermieri sono in prima linea nel servizio agli ammalati colpiti dalla pandemia.<\/p>\n<p>Durante la <strong>Veglia del Sabato Santo, alle 21,<\/strong> non si celebreranno battesimi. La cerimonia iniziale con il fuoco avverr\u00e0 alle spalle dell\u2019altare della Confessione. Non ci saranno i lumini per i presenti e il canto delle tre invocazioni \u201clumen Christi\u201d avverranno soltanto con l\u2019accensione in sequenza delle luci della Basilica durante la processione verso l\u2019altare della Cattedra. Suoneranno le campane di San Pietro al momento del Gloria che annuncia la resurrezione.<\/p>\n<p>La stessa sobriet\u00e0 caratterizzer\u00e0 anche la Messa della <strong>Domenica di Pasqua<\/strong>, che il Papa celebrer\u00e0 <strong>alle 11 all\u2019altare della Cattedra<\/strong>. Il Vangelo sar\u00e0 proclamato in greco e in latino. Al termine della Messa Francesco si recher\u00e0 in sacrestia a togliere e i paramenti, quindi torner\u00e0 in Basilica davanti all\u2019altare della Confessione, da dove pronuncer\u00e0 il messaggio Urbi et Orbi e impartir\u00e0 la benedizione pasquale. Tutto dunque si svolger\u00e0 all\u2019interno.<\/p>\n<p>Fonte:\u00a0<a href=\"https:\/\/www.vaticannews.va\/it\/vaticano\/news\/2020-04\/triduo-papa-francesco-tornielli-cerimonie.html\">https:\/\/www.vaticannews.va\/it\/vaticano\/news\/2020-04\/triduo-papa-francesco-tornielli-cerimonie.html<\/a><\/p>\n<\/div>\n","protected":false},"excerpt":{"rendered":"<p>Le celebrazioni del Gioved\u00ec e Venerd\u00ec Santo, la Messa della Veglia e della Domenica: cos\u00ec tutto \u00e8 stato ripensato per accompagnare i fedeli in tempo di pandemia. Tutto sar\u00e0 pi\u00f9 <a href=\"https:\/\/www.diocesidiroma.it\/universita\/index.php\/celebrazioni-liturgiche-della-settimana-santa-con-papa-francesco\/\"> Read more&#8230;<\/a><\/p>\n","protected":false},"author":11,"featured_media":2456,"comment_status":"closed","ping_status":"open","sticky":false,"template":"","format":"standard","meta":{"footnotes":""},"categories":[67],"tags":[],"class_list":["post-2454","post","type-post","status-publish","format-standard","has-post-thumbnail","hentry","category-archivio-eventi"],"acf":[],"_links":{"self":[{"href":"https:\/\/www.diocesidiroma.it\/universita\/index.php\/wp-json\/wp\/v2\/posts\/2454","targetHints":{"allow":["GET"]}}],"collection":[{"href":"https:\/\/www.diocesidiroma.it\/universita\/index.php\/wp-json\/wp\/v2\/posts"}],"about":[{"href":"https:\/\/www.diocesidiroma.it\/universita\/index.php\/wp-json\/wp\/v2\/types\/post"}],"author":[{"embeddable":true,"href":"https:\/\/www.diocesidiroma.it\/universita\/index.php\/wp-json\/wp\/v2\/users\/11"}],"replies":[{"embeddable":true,"href":"https:\/\/www.diocesidiroma.it\/universita\/index.php\/wp-json\/wp\/v2\/comments?post=2454"}],"version-history":[{"count":2,"href":"https:\/\/www.diocesidiroma.it\/universita\/index.php\/wp-json\/wp\/v2\/posts\/2454\/revisions"}],"predecessor-version":[{"id":2457,"href":"https:\/\/www.diocesidiroma.it\/universita\/index.php\/wp-json\/wp\/v2\/posts\/2454\/revisions\/2457"}],"wp:featuredmedia":[{"embeddable":true,"href":"https:\/\/www.diocesidiroma.it\/universita\/index.php\/wp-json\/wp\/v2\/media\/2456"}],"wp:attachment":[{"href":"https:\/\/www.diocesidiroma.it\/universita\/index.php\/wp-json\/wp\/v2\/media?parent=2454"}],"wp:term":[{"taxonomy":"category","embeddable":true,"href":"https:\/\/www.diocesidiroma.it\/universita\/index.php\/wp-json\/wp\/v2\/categories?post=2454"},{"taxonomy":"post_tag","embeddable":true,"href":"https:\/\/www.diocesidiroma.it\/universita\/index.php\/wp-json\/wp\/v2\/tags?post=2454"}],"curies":[{"name":"wp","href":"https:\/\/api.w.org\/{rel}","templated":true}]}}