{"id":2466,"date":"2020-05-15T18:25:26","date_gmt":"2020-05-15T16:25:26","guid":{"rendered":"https:\/\/www.diocesidiroma.it\/culturaeuniversita\/?p=2466"},"modified":"2020-05-26T19:17:36","modified_gmt":"2020-05-26T17:17:36","slug":"il-tempo-della-scelta-la-lettera-del-cardinale-vicario-ai-sacerdoti","status":"publish","type":"post","link":"https:\/\/www.diocesidiroma.it\/universita\/index.php\/il-tempo-della-scelta-la-lettera-del-cardinale-vicario-ai-sacerdoti\/","title":{"rendered":"Il tempo della scelta: la lettera del cardinale vicario ai sacerdoti"},"content":{"rendered":"<p>Per il vicario questo \u00e8 \u00ab<strong>il tempo della scelta<\/strong>. Non \u00e8 affatto scontato \u2013 scrive infatti \u2013 che si debba ritornare a fare tutto ci\u00f2 che facevamo prima. Dobbiamo sederci, stare in silenzio, ascoltare la Parola e fare discernimento. Cominciamo noi presbiteri, facendo risuonare in noi tutto ci\u00f2 che ascoltiamo: la Parola e la vita dei fratelli\u00bb. Di qui una proposta concreta:\u00a0<strong>tre giorni di \u00abpreghiera e se lo volete di digiuno\u00bb prima di Pentecoste<\/strong>. \u00abSaltando uno dei pasti principali \u2013 sono le indicazioni fornite dal cardinale \u2013 faremo un\u2019ora di lectio divina su un testo biblico che vi invier\u00f2, accompagnandolo con qualche domanda. In silenzio e in solitudine (ma in profonda comunione gli uni con gli altri) ognuno si metter\u00e0 in ascolto del Signore che parla. Ascolteremo lo Spirito, chiedendogli di capire il tempo presente e di inspirarci scelte secondo la sua volont\u00e0. Dopo una settimana di riflessione, possiamo condividere con altri presbiteri, in piccoli gruppi del tutto spontanei e informali, quanto emerso nella preghiera\u00bb.<\/p>\n<p>\u00abLa preghiera \u2013 conclude il cardinale De Donatis \u2013 ci aiuter\u00e0 a riconoscere ci\u00f2 che \u00e8 essenziale, superando le discussioni superficiali, reattive, di parte. Sono convinto che emergeranno straordinarie convergenze, poich\u00e9 \u00e8 lo Spirito Santo che guida la sua Chiesa\u00bb.<\/p>\n<p><a href=\"http:\/\/www.diocesidiroma.it\/archivio\/2020\/cardinale\/Lettera_ai_sacerdoti_e_ai_diaconi_doc_655.pdf\" target=\"_blank\" rel=\"noopener\">Leggi il testo integrale della lettera<\/a><\/p>\n<p><a href=\"http:\/\/www.diocesidiroma.it\/archivio\/2020\/cardinale\/Scheda_doc_656.pdf\" target=\"_blank\" rel=\"noopener\">Leggi la scheda allegata<\/a><\/p>\n<p>Fonte:\u00a0<a href=\"http:\/\/www.diocesidiroma.it\/il-tempo-della-scelta-la-lettera-del-cardinale-vicario-angelo-de-donatis-ai-sacerdoti-e-ai-diaconi\/\">http:\/\/www.diocesidiroma.it\/il-tempo-della-scelta-la-lettera-del-cardinale-vicario-angelo-de-donatis-ai-sacerdoti-e-ai-diaconi\/<\/a><\/p>\n","protected":false},"excerpt":{"rendered":"<p>Per il vicario questo \u00e8 \u00abil tempo della scelta. Non \u00e8 affatto scontato \u2013 scrive infatti \u2013 che si debba ritornare a fare tutto ci\u00f2 che facevamo prima. Dobbiamo sederci, <a href=\"https:\/\/www.diocesidiroma.it\/universita\/index.php\/il-tempo-della-scelta-la-lettera-del-cardinale-vicario-ai-sacerdoti\/\"> Read more&#8230;<\/a><\/p>\n","protected":false},"author":11,"featured_media":2468,"comment_status":"closed","ping_status":"open","sticky":false,"template":"","format":"standard","meta":{"footnotes":""},"categories":[1],"tags":[],"class_list":["post-2466","post","type-post","status-publish","format-standard","has-post-thumbnail","hentry","category-news"],"acf":[],"_links":{"self":[{"href":"https:\/\/www.diocesidiroma.it\/universita\/index.php\/wp-json\/wp\/v2\/posts\/2466","targetHints":{"allow":["GET"]}}],"collection":[{"href":"https:\/\/www.diocesidiroma.it\/universita\/index.php\/wp-json\/wp\/v2\/posts"}],"about":[{"href":"https:\/\/www.diocesidiroma.it\/universita\/index.php\/wp-json\/wp\/v2\/types\/post"}],"author":[{"embeddable":true,"href":"https:\/\/www.diocesidiroma.it\/universita\/index.php\/wp-json\/wp\/v2\/users\/11"}],"replies":[{"embeddable":true,"href":"https:\/\/www.diocesidiroma.it\/universita\/index.php\/wp-json\/wp\/v2\/comments?post=2466"}],"version-history":[{"count":2,"href":"https:\/\/www.diocesidiroma.it\/universita\/index.php\/wp-json\/wp\/v2\/posts\/2466\/revisions"}],"predecessor-version":[{"id":2469,"href":"https:\/\/www.diocesidiroma.it\/universita\/index.php\/wp-json\/wp\/v2\/posts\/2466\/revisions\/2469"}],"wp:featuredmedia":[{"embeddable":true,"href":"https:\/\/www.diocesidiroma.it\/universita\/index.php\/wp-json\/wp\/v2\/media\/2468"}],"wp:attachment":[{"href":"https:\/\/www.diocesidiroma.it\/universita\/index.php\/wp-json\/wp\/v2\/media?parent=2466"}],"wp:term":[{"taxonomy":"category","embeddable":true,"href":"https:\/\/www.diocesidiroma.it\/universita\/index.php\/wp-json\/wp\/v2\/categories?post=2466"},{"taxonomy":"post_tag","embeddable":true,"href":"https:\/\/www.diocesidiroma.it\/universita\/index.php\/wp-json\/wp\/v2\/tags?post=2466"}],"curies":[{"name":"wp","href":"https:\/\/api.w.org\/{rel}","templated":true}]}}