{"id":2471,"date":"2020-05-26T19:03:37","date_gmt":"2020-05-26T17:03:37","guid":{"rendered":"https:\/\/www.diocesidiroma.it\/culturaeuniversita\/?p=2471"},"modified":"2020-06-22T22:01:22","modified_gmt":"2020-06-22T20:01:22","slug":"il-ritiro-di-pentecoste-2020-un-invito-del-cardinale-de-donatis","status":"publish","type":"post","link":"https:\/\/www.diocesidiroma.it\/universita\/index.php\/il-ritiro-di-pentecoste-2020-un-invito-del-cardinale-de-donatis\/","title":{"rendered":"Il ritiro di Pentecoste 2020: un invito del cardinale De Donatis"},"content":{"rendered":"<p><strong>Riconoscere, interpretare, scegliere<\/strong>. Sono i tre verbi del discernimento, indicati da\u00a0<strong>Papa Francesco<\/strong>\u00a0in\u00a0<em>Evangelii Gaudium<\/em>. Sono i tre verbi che accompagneranno e condurranno le riflessioni dei partecipanti alla tre giorni di\u00a0<strong>ritiro prima di Pentecoste<\/strong>, proposto dal cardinale vicario\u00a0<strong>Angelo De Donatis<\/strong>\u00a0a sacerdoti, diaconi, rettori di Seminari, religiosi e religiose lo scorso 11 maggio. Il vicario del Papa per la diocesi di Roma torna a scrivere per concentrarsi meglio su come sar\u00e0 strutturato questo ritiro. Sar\u00e0 \u00abun tempo prolungato di silenzio, di ascolto della Parola, di condivisione fraterna, di discernimento\u00bb, da vivere nelle giornate di mercoled\u00ec, gioved\u00ec e venerd\u00ec. Da questo confronto \u00abemergeranno straordinarie convergenze, poich\u00e9 \u2013 assicura il vicario \u2013 \u00e8 lo Spirito Santo che guida la Chiesa\u00bb.<\/p>\n<p>Ed \u00e8 anche Papa Francesco a guidare la comunit\u00e0 dei credenti. \u00abIl Papa ci invita a entrare nella storia che stiamo vivendo \u2013 scrive il cardinale De Donatis citando\u00a0<em>Evangelii Gaudium<\/em>\u00a0\u2013 con uno sguardo di fede che non si accontenti solo di letture sociologiche ma che colga le cose dall\u2019interno, l\u00ec dove agisce e opera lo Spirito Santo. Noi pastori siamo certamente chiamati a essere uomini impregnati di Spirito Santo per continuare a \u201cungere\u201d il Popolo con quell\u2019olio denso e sano di cui ha davvero bisogno, olio che guarisce, rafforza, illumina ed indica la strada da percorrere insieme\u00bb.<\/p>\n<p>Di ispirazione per le riflessioni sar\u00e0 anche la figura di\u00a0<strong>Mos\u00e8<\/strong>. \u00abCome lui \u2013 si legge ancora nella lettera del cardinale \u2013, ci lasciamo coinvolgere dallo Spirito, per entrare anche noi nella tenda a contatto con il Volto di Dio per ascoltare la sua parola e parlare con lui da amico, \u201cfaccia a faccia\u201d\u00bb. Come Mos\u00e8, prosegue, \u00absentiamo il dovere di lavorare su noi stessi per diventare sempre pi\u00f9 discepoli. Vogliamo anche noi vivere il paradigma dell\u2019esodo da uomini liberi, da discepoli della Parola e del Volto\u00bb.<\/p>\n<p><a href=\"http:\/\/www.diocesidiroma.it\/archivio\/2020\/cardinale\/Lettera_sul_ritiro_di_Pentecoste_ai_sacerdoti,_diaconi,_rettori_dei_Seminari_doc_661.pdf\" target=\"_blank\" rel=\"noopener\">Leggi la lettera a sacerdoti, diaconi, rettori<\/a><\/p>\n<p><a href=\"http:\/\/www.diocesidiroma.it\/archivio\/2020\/cardinale\/Lettera_sul_ritiro_di_Pentecoste_alle_religiose_doc_662.pdf\" target=\"_blank\" rel=\"noopener\">Leggi la lettera alle religiose<\/a><\/p>\n<p>Fonte:\u00a0http:\/\/www.diocesidiroma.it<\/p>\n","protected":false},"excerpt":{"rendered":"<p>Riconoscere, interpretare, scegliere. Sono i tre verbi del discernimento, indicati da\u00a0Papa Francesco\u00a0in\u00a0Evangelii Gaudium. Sono i tre verbi che accompagneranno e condurranno le riflessioni dei partecipanti alla tre giorni di\u00a0ritiro prima <a href=\"https:\/\/www.diocesidiroma.it\/universita\/index.php\/il-ritiro-di-pentecoste-2020-un-invito-del-cardinale-de-donatis\/\"> Read more&#8230;<\/a><\/p>\n","protected":false},"author":11,"featured_media":2473,"comment_status":"closed","ping_status":"open","sticky":false,"template":"","format":"standard","meta":{"footnotes":""},"categories":[67],"tags":[],"class_list":["post-2471","post","type-post","status-publish","format-standard","has-post-thumbnail","hentry","category-archivio-eventi"],"acf":[],"_links":{"self":[{"href":"https:\/\/www.diocesidiroma.it\/universita\/index.php\/wp-json\/wp\/v2\/posts\/2471","targetHints":{"allow":["GET"]}}],"collection":[{"href":"https:\/\/www.diocesidiroma.it\/universita\/index.php\/wp-json\/wp\/v2\/posts"}],"about":[{"href":"https:\/\/www.diocesidiroma.it\/universita\/index.php\/wp-json\/wp\/v2\/types\/post"}],"author":[{"embeddable":true,"href":"https:\/\/www.diocesidiroma.it\/universita\/index.php\/wp-json\/wp\/v2\/users\/11"}],"replies":[{"embeddable":true,"href":"https:\/\/www.diocesidiroma.it\/universita\/index.php\/wp-json\/wp\/v2\/comments?post=2471"}],"version-history":[{"count":2,"href":"https:\/\/www.diocesidiroma.it\/universita\/index.php\/wp-json\/wp\/v2\/posts\/2471\/revisions"}],"predecessor-version":[{"id":2475,"href":"https:\/\/www.diocesidiroma.it\/universita\/index.php\/wp-json\/wp\/v2\/posts\/2471\/revisions\/2475"}],"wp:featuredmedia":[{"embeddable":true,"href":"https:\/\/www.diocesidiroma.it\/universita\/index.php\/wp-json\/wp\/v2\/media\/2473"}],"wp:attachment":[{"href":"https:\/\/www.diocesidiroma.it\/universita\/index.php\/wp-json\/wp\/v2\/media?parent=2471"}],"wp:term":[{"taxonomy":"category","embeddable":true,"href":"https:\/\/www.diocesidiroma.it\/universita\/index.php\/wp-json\/wp\/v2\/categories?post=2471"},{"taxonomy":"post_tag","embeddable":true,"href":"https:\/\/www.diocesidiroma.it\/universita\/index.php\/wp-json\/wp\/v2\/tags?post=2471"}],"curies":[{"name":"wp","href":"https:\/\/api.w.org\/{rel}","templated":true}]}}