{"id":2486,"date":"2020-06-22T21:59:34","date_gmt":"2020-06-22T19:59:34","guid":{"rendered":"https:\/\/www.diocesidiroma.it\/culturaeuniversita\/?p=2486"},"modified":"2020-06-24T18:11:05","modified_gmt":"2020-06-24T16:11:05","slug":"in-consegna-gli-orientamenti-pastorali-24-giugno","status":"publish","type":"post","link":"https:\/\/www.diocesidiroma.it\/universita\/index.php\/in-consegna-gli-orientamenti-pastorali-24-giugno\/","title":{"rendered":"In consegna gli Orientamenti Pastorali: 24 giugno"},"content":{"rendered":"<p>Due appuntamenti per la diocesi di Roma\u00a0<strong>mercoled\u00ec 24 giugno<\/strong>, nella solennit\u00e0 della nativit\u00e0 di san Giovanni Battista. Dapprima, alle ore 17.30, nella basilica lateranense, il cardinale vicario Angelo De Donatis presieder\u00e0\u00a0<strong>la Messa con la celebrazione dei giubilei sacerdotali<\/strong>\u00a0di quanti ricordano quest\u2019anno il 25\u00b0, il 50\u00b0 e il 60\u00b0 di ordinazione. Quindi, nel cortile del Palazzo del Vicariato, verranno\u00a0<strong>celebrati i Vespri<\/strong>, durante i quali il porporato\u00a0<strong>consegner\u00e0 alla diocesi gli orientamenti per il nuovo anno pastorale<\/strong>.<\/p>\n<p>\u00abVogliamo ringraziare il Signore per la sua fedelt\u00e0 \u2013 scrive il cardinale vicario\u00a0<strong>Angelo De Donatis<\/strong>\u00a0nell\u2019invito per la Messa delle 17.30 \u2013. Vogliamo ancora ripetere al Signore e alla sua Chiesa il nostro desiderio di continuare a servire secondo le nostre capacit\u00e0 e condizioni il Popolo di Dio in unione con il nostro Vescovo. Invocheremo l\u2019intercessione di Maria, che ci ha accompagnato durante il cammino di formazione e alla quale abbiamo continuato ad affidarci lungo gli anni del ministero. Rinnoveremo le promesse sacerdotali e vogliamo presentarci al Padrone della messe per chiedergli il dono di nuovi compagni per il vasto e appassionante lavoro nella sua vigna\u00bb. Per motivi legati all\u2019emergenza Covid\u201319, \u00e8 obbligatorio portare il camice e la stola bianca personali.<\/p>\n<p>Ai Vespri sono invece invitati i parroci prefetti e un rappresentante laico per ogni parrocchia, delegato dal parroco. \u00abAlla luce del percorso ecclesiale sinora svolto, il cardinale vicario consegner\u00e0 gli orientamenti pastorali per il prossimo anno. La preghiera si svolger\u00e0 all\u2019aperto nel rispetto delle attuali disposizioni in tema di contrasto alla diffusione del virus Covid\u201319\u00bb, anticipa il prelato segretario generale del Vicariato monsignor\u00a0<strong>Pierangelo Pedretti<\/strong>. L\u2019ingresso nel cortile, con l\u2019esibizione di un apposito biglietto, sar\u00e0 consentito tra le 17.30 e le 18.30. I biglietti per l\u2019accesso potranno essere ritirati presso la portineria del Vicariato entro marted\u00ec 23, quindi nelle prossime due mattine, dalle 8.30 alle 13. Sar\u00e0 possibile parcheggiare nella piazza Giovanni Paolo II, antistante il Palazzo del Vicariato, o presso la Pontificia Universit\u00e0 Lateranense (ingresso dal civico 4 di piazza San Giovanni in Laterano). La preghiera sar\u00e0 trasmessa in diretta su Telepace (digitale terrestre canali 73 e 214 HD, con decoder Sky HD canale 515 e decoder Tiv\u00f9sat HD canale 815) e in streaming sulla pagina Facebook della Diocesi di Roma.<\/p>\n<p><a href=\"http:\/\/www.diocesidiroma.it\/archivio\/2020\/cardinale\/Lettera_Giubilei_Sacerdotali_doc_683.pdf\" target=\"_blank\" rel=\"noopener\">Leggi la lettera di invito alla Messa per i giubilei sacerdotali<\/a><\/p>\n<p>Fonte: http:\/\/www.diocesidiroma.it<\/p>\n","protected":false},"excerpt":{"rendered":"<p>Due appuntamenti per la diocesi di Roma\u00a0mercoled\u00ec 24 giugno, nella solennit\u00e0 della nativit\u00e0 di san Giovanni Battista. Dapprima, alle ore 17.30, nella basilica lateranense, il cardinale vicario Angelo De Donatis <a href=\"https:\/\/www.diocesidiroma.it\/universita\/index.php\/in-consegna-gli-orientamenti-pastorali-24-giugno\/\"> Read more&#8230;<\/a><\/p>\n","protected":false},"author":11,"featured_media":2487,"comment_status":"closed","ping_status":"open","sticky":false,"template":"","format":"standard","meta":{"footnotes":""},"categories":[1],"tags":[],"class_list":["post-2486","post","type-post","status-publish","format-standard","has-post-thumbnail","hentry","category-news"],"acf":[],"_links":{"self":[{"href":"https:\/\/www.diocesidiroma.it\/universita\/index.php\/wp-json\/wp\/v2\/posts\/2486","targetHints":{"allow":["GET"]}}],"collection":[{"href":"https:\/\/www.diocesidiroma.it\/universita\/index.php\/wp-json\/wp\/v2\/posts"}],"about":[{"href":"https:\/\/www.diocesidiroma.it\/universita\/index.php\/wp-json\/wp\/v2\/types\/post"}],"author":[{"embeddable":true,"href":"https:\/\/www.diocesidiroma.it\/universita\/index.php\/wp-json\/wp\/v2\/users\/11"}],"replies":[{"embeddable":true,"href":"https:\/\/www.diocesidiroma.it\/universita\/index.php\/wp-json\/wp\/v2\/comments?post=2486"}],"version-history":[{"count":1,"href":"https:\/\/www.diocesidiroma.it\/universita\/index.php\/wp-json\/wp\/v2\/posts\/2486\/revisions"}],"predecessor-version":[{"id":2488,"href":"https:\/\/www.diocesidiroma.it\/universita\/index.php\/wp-json\/wp\/v2\/posts\/2486\/revisions\/2488"}],"wp:featuredmedia":[{"embeddable":true,"href":"https:\/\/www.diocesidiroma.it\/universita\/index.php\/wp-json\/wp\/v2\/media\/2487"}],"wp:attachment":[{"href":"https:\/\/www.diocesidiroma.it\/universita\/index.php\/wp-json\/wp\/v2\/media?parent=2486"}],"wp:term":[{"taxonomy":"category","embeddable":true,"href":"https:\/\/www.diocesidiroma.it\/universita\/index.php\/wp-json\/wp\/v2\/categories?post=2486"},{"taxonomy":"post_tag","embeddable":true,"href":"https:\/\/www.diocesidiroma.it\/universita\/index.php\/wp-json\/wp\/v2\/tags?post=2486"}],"curies":[{"name":"wp","href":"https:\/\/api.w.org\/{rel}","templated":true}]}}