{"id":2490,"date":"2020-06-24T18:07:52","date_gmt":"2020-06-24T16:07:52","guid":{"rendered":"https:\/\/www.diocesidiroma.it\/culturaeuniversita\/?p=2490"},"modified":"2020-07-01T17:47:45","modified_gmt":"2020-07-01T15:47:45","slug":"un-giorno-al-laterano-a-cura-dellufficio-per-la-cultura-e-luniversita","status":"publish","type":"post","link":"https:\/\/www.diocesidiroma.it\/universita\/index.php\/un-giorno-al-laterano-a-cura-dellufficio-per-la-cultura-e-luniversita\/","title":{"rendered":"Un giorno al Laterano"},"content":{"rendered":"<p><iframe loading=\"lazy\" width=\"730\" height=\"411\" src=\"https:\/\/www.youtube.com\/embed\/CsglzN3YfI4?feature=oembed\" frameborder=\"0\" allow=\"accelerometer; autoplay; clipboard-write; encrypted-media; gyroscope; picture-in-picture\" allowfullscreen><\/iframe><\/p>\n<p>UN GIORNO AL LATERANO A cura dell\u2019Ufficio per la Cultura e l\u2019Universit\u00e0 e dell\u2019Ufficio per la Pastorale del Tempo libero, del Turismo e dello Sport VICARIATO DI ROMA Per la prima volta il complesso del Laterano apre le porte all&#8217;Urbe. Dalla basilica di San Giovanni alla Scala Santa, dal Seminario Romano all&#8217;Universit\u00e0 Lateranense, passando per il Battistero e il Palazzo del Vicariato, monsignor Andrea Lonardo racconta storia e bellezza di uno dei pi\u00f9 luoghi pi\u00f9 suggestivi della Citt\u00e0 Eterna.<\/p>\n<p>*** ANDREA LONARDO autore e narratore<\/p>\n<p>FRANCESCO INDELICATO riprese e montaggio<\/p>\n<p>FRANCESCO D&#8217;ALFONSO direttore di produzione e curatore musiche<\/p>\n<p>CLAUDIO TANTURRI segreteria di produzione e riprese<\/p>\n<p>ANNALISA MARIA CERAVOLO segreteria di produzione e fotografie<\/p>\n","protected":false},"excerpt":{"rendered":"<p>UN GIORNO AL LATERANO A cura dell\u2019Ufficio per la Cultura e l\u2019Universit\u00e0 e dell\u2019Ufficio per la Pastorale del Tempo libero, del Turismo e dello Sport VICARIATO DI ROMA Per la <a href=\"https:\/\/www.diocesidiroma.it\/universita\/index.php\/un-giorno-al-laterano-a-cura-dellufficio-per-la-cultura-e-luniversita\/\"> Read more&#8230;<\/a><\/p>\n","protected":false},"author":11,"featured_media":2439,"comment_status":"closed","ping_status":"open","sticky":false,"template":"","format":"standard","meta":{"footnotes":""},"categories":[1],"tags":[],"class_list":["post-2490","post","type-post","status-publish","format-standard","has-post-thumbnail","hentry","category-news"],"acf":[],"_links":{"self":[{"href":"https:\/\/www.diocesidiroma.it\/universita\/index.php\/wp-json\/wp\/v2\/posts\/2490","targetHints":{"allow":["GET"]}}],"collection":[{"href":"https:\/\/www.diocesidiroma.it\/universita\/index.php\/wp-json\/wp\/v2\/posts"}],"about":[{"href":"https:\/\/www.diocesidiroma.it\/universita\/index.php\/wp-json\/wp\/v2\/types\/post"}],"author":[{"embeddable":true,"href":"https:\/\/www.diocesidiroma.it\/universita\/index.php\/wp-json\/wp\/v2\/users\/11"}],"replies":[{"embeddable":true,"href":"https:\/\/www.diocesidiroma.it\/universita\/index.php\/wp-json\/wp\/v2\/comments?post=2490"}],"version-history":[{"count":8,"href":"https:\/\/www.diocesidiroma.it\/universita\/index.php\/wp-json\/wp\/v2\/posts\/2490\/revisions"}],"predecessor-version":[{"id":2510,"href":"https:\/\/www.diocesidiroma.it\/universita\/index.php\/wp-json\/wp\/v2\/posts\/2490\/revisions\/2510"}],"wp:featuredmedia":[{"embeddable":true,"href":"https:\/\/www.diocesidiroma.it\/universita\/index.php\/wp-json\/wp\/v2\/media\/2439"}],"wp:attachment":[{"href":"https:\/\/www.diocesidiroma.it\/universita\/index.php\/wp-json\/wp\/v2\/media?parent=2490"}],"wp:term":[{"taxonomy":"category","embeddable":true,"href":"https:\/\/www.diocesidiroma.it\/universita\/index.php\/wp-json\/wp\/v2\/categories?post=2490"},{"taxonomy":"post_tag","embeddable":true,"href":"https:\/\/www.diocesidiroma.it\/universita\/index.php\/wp-json\/wp\/v2\/tags?post=2490"}],"curies":[{"name":"wp","href":"https:\/\/api.w.org\/{rel}","templated":true}]}}