{"id":2537,"date":"2020-09-29T12:30:15","date_gmt":"2020-09-29T10:30:15","guid":{"rendered":"https:\/\/www.diocesidiroma.it\/culturaeuniversita\/?p=2537"},"modified":"2020-10-05T10:55:20","modified_gmt":"2020-10-05T08:55:20","slug":"apertura-dellanno-pastorale-de-donatis-un-nuovo-stile-nellannuncio-della-fede","status":"publish","type":"post","link":"https:\/\/www.diocesidiroma.it\/universita\/index.php\/apertura-dellanno-pastorale-de-donatis-un-nuovo-stile-nellannuncio-della-fede\/","title":{"rendered":"Apertura del nuovo anno pastorale"},"content":{"rendered":"<p><strong><img loading=\"lazy\" decoding=\"async\" class=\"size-medium wp-image-2540 alignleft\" src=\"https:\/\/www.diocesidiroma.it\/culturaeuniversita\/wp-content\/uploads\/2020\/09\/annopastorale2020_preti_28sett2020-300x181.jpg\" alt=\"\" width=\"300\" height=\"181\" srcset=\"https:\/\/www.diocesidiroma.it\/universita\/wp-content\/uploads\/2020\/09\/annopastorale2020_preti_28sett2020-300x181.jpg 300w, https:\/\/www.diocesidiroma.it\/universita\/wp-content\/uploads\/2020\/09\/annopastorale2020_preti_28sett2020-768x463.jpg 768w, https:\/\/www.diocesidiroma.it\/universita\/wp-content\/uploads\/2020\/09\/annopastorale2020_preti_28sett2020-600x362.jpg 600w, https:\/\/www.diocesidiroma.it\/universita\/wp-content\/uploads\/2020\/09\/annopastorale2020_preti_28sett2020.jpg 780w\" sizes=\"auto, (max-width: 300px) 100vw, 300px\" \/>Privilegiare il \u201ctu per \u201ctu<\/strong>\u201d e<strong> l\u2019\u00abamore di amicizia<\/strong>\u00bb per un nuovo stile nell\u2019annuncio della fede in questo tempo dominato ancora dalla paura per il coronavirus che allontana molte persone dalle parrocchie. \u00c8 l\u2019esortazione rivolta dal cardinale vicario Angelo De Donatis ai sacerdoti e ai diaconi nell\u2019incontro di oggi, 28 settembre, nella basilica di San Giovanni in Laterano, secondo momento di apertura del nuovo anno pastorale dopo quello di due giorni fa con gli operatori del laicato impegnati nelle comunit\u00e0 locali.<\/p>\n<p><strong>Respirare, uscire, incontrare, abbracciare<\/strong> sono \u00abi quattro verbi\u00bb scelti per l\u2019anno pastorale, ha detto De Donatis, e \u00abdescrivono la Chiesa il giorno di Pasqua. Respiriamo lo Spirito Santo che il Signore soffia su di noi; apriamo le porte del Cenacolo per uscire verso gli altri; incontriamo gli altri e portiamo loro l\u2019abbraccio del Risorto\u00bb. \u00abIl mondo \u00e8 cambiato tanto. Anche noi siamo cambiati \u2013 ha riflettuto il vicario del Papa ricordando i mesi trascorsi e il lockdown \u2013. \u00c8 stata una dura esperienza, ma che ci ha costretto a non dare pi\u00f9 nulla per scontato. Si sente un desiderio forte, che viene dallo Spirito, di respirare, uscire, incontrarci e abbracciarci, ma il timore sembra bloccare e contraddire questa spinta. Sentiamo una certa delusione nel prendere atto che il timore trattiene molte persone lontano dalle parrocchie, dalla partecipazione alla liturgia. Eppure comprendiamo che non possiamo rinchiuderci, ma dobbiamo trovare modalit\u00e0 nuove di incontro, di dialogo con le persone\u00bb. Prima fra tutte, quella di \u00abprivilegiare il \u201ctu per tu\u201d: se con questo metodo il numero delle persone si riduce, l\u2019incontro per\u00f2 acquista un di pi\u00f9 in qualit\u00e0 e profondit\u00e0\u00bb.<\/p>\n<p><strong>Nuovo stile per le relazioni<\/strong>, quindi, dettato appunto dall\u2019\u00abamore di amicizia\u00bb, in cui, ha spiegato il porporato, \u00absi riassumono i tre atteggiamenti indicati dal Papa a Firenze. Di questo amore parla san Paolo nell\u2019inno alla carit\u00e0 che abbiamo ascoltato nella preghiera iniziale. \u00c8 l\u2019atteggiamento indispensabile per vivere la missione. Forse tanti nostri sforzi di annuncio del vangelo o di carit\u00e0 verso i poveri non hanno toccato il cuore di nessuno perch\u00e9 erano privi di amore di amicizia\u00bb. \u00ab\u00c8 quello stile che \u201cfa tutt\u2019uno\u201d con i contenuti dell\u2019annuncio della fede. Esso si esprime in tanti modi, quelli che san Paolo elenca nell\u2019inno alla carit\u00e0 e che danno spessore ai tanti gesti di condivisione e di solidariet\u00e0 che saremo chiamati a vivere in quest\u2019anno cos\u00ec particolare, in cui le diverse onde d\u2019urto raggiungeranno la nostra vita sociale: la difficolt\u00e0 a far partire la scuola, la povert\u00e0 crescente per la fine delle misure di sostegno al reddito, la disoccupazione, la pervasivit\u00e0 dell\u2019economia sommersa legata alla criminalit\u00e0, la violenza sociale che si scatena tra i soggetti pi\u00f9 sociali pi\u00f9 deboli\u2026 Uno sforzo grande ci \u00e8 richiesto (pensate a come dobbiamo far convergere risorse per alimentare il Fondo Ges\u00f9 Divino Lavoratore), per una ripartenza che \u00e8 un vero \u201cparto\u201d doloroso, eppure carico di nuovo, un Nuovo che viene da Dio e che ci chiede la disponibilit\u00e0 a convertirci e a cambiare\u00bb.<\/p>\n<p><strong>Don Armando Matteo<\/strong>, docente di Teologia fondamentale all\u2019Universit\u00e0 Urbaniana, ha indicato delle piste di riflessione per i sacerdoti nell\u2019attuale contesto sociale e culturale, profondamente modificato rispetto a quello dei decenni scorsi. La pandemia, ha osservato Matteo, ha poi fatto emergere delle criticit\u00e0 ma anche \u00abdue luci\u00bb: il grande bisogno di pregare da parte delle famiglie e la consapevolezza, nel grande sforzo di carit\u00e0 pastorale delle parrocchie anche molto creativo, che nel recente passato erano state lasciate sole. Da qui l\u2019unica linea che va seguita: \u00abSostenere la soggettivit\u00e0 familiare, orante, sociale, ecclesiale\u00bb, e per questo \u00abserve una nuova mentalit\u00e0 pastorale\u00bb. Indicazioni operative sul lavoro dei prossimi mesi sono arrivate dal vicegerente della diocesi, l\u2019arcivescovo Gianpiero Palmieri, nel solco di quelle gi\u00e0 fornite sabato scorso agli operatori pastorali, soprattutto sul lavoro delle \u00e9quipe pastorali.<\/p>\n<p>La relazione integrale del Cardinale De Donatis:<a href=\"https:\/\/t.co\/qflLX50gmb?amp=1\">https:\/\/t.co\/qflLX50gmb?amp=1\u00a0<\/a><\/p>\n<p>Fonte:\u00a0<a href=\"https:\/\/www.romasette.it\">https:\/\/www.romasette.it<\/a><\/p>\n","protected":false},"excerpt":{"rendered":"<p>Privilegiare il \u201ctu per \u201ctu\u201d e l\u2019\u00abamore di amicizia\u00bb per un nuovo stile nell\u2019annuncio della fede in questo tempo dominato ancora dalla paura per il coronavirus che allontana molte persone <a href=\"https:\/\/www.diocesidiroma.it\/universita\/index.php\/apertura-dellanno-pastorale-de-donatis-un-nuovo-stile-nellannuncio-della-fede\/\"> Read more&#8230;<\/a><\/p>\n","protected":false},"author":11,"featured_media":2539,"comment_status":"closed","ping_status":"open","sticky":false,"template":"","format":"standard","meta":{"footnotes":""},"categories":[1],"tags":[],"class_list":["post-2537","post","type-post","status-publish","format-standard","has-post-thumbnail","hentry","category-news"],"acf":[],"_links":{"self":[{"href":"https:\/\/www.diocesidiroma.it\/universita\/index.php\/wp-json\/wp\/v2\/posts\/2537","targetHints":{"allow":["GET"]}}],"collection":[{"href":"https:\/\/www.diocesidiroma.it\/universita\/index.php\/wp-json\/wp\/v2\/posts"}],"about":[{"href":"https:\/\/www.diocesidiroma.it\/universita\/index.php\/wp-json\/wp\/v2\/types\/post"}],"author":[{"embeddable":true,"href":"https:\/\/www.diocesidiroma.it\/universita\/index.php\/wp-json\/wp\/v2\/users\/11"}],"replies":[{"embeddable":true,"href":"https:\/\/www.diocesidiroma.it\/universita\/index.php\/wp-json\/wp\/v2\/comments?post=2537"}],"version-history":[{"count":4,"href":"https:\/\/www.diocesidiroma.it\/universita\/index.php\/wp-json\/wp\/v2\/posts\/2537\/revisions"}],"predecessor-version":[{"id":2543,"href":"https:\/\/www.diocesidiroma.it\/universita\/index.php\/wp-json\/wp\/v2\/posts\/2537\/revisions\/2543"}],"wp:featuredmedia":[{"embeddable":true,"href":"https:\/\/www.diocesidiroma.it\/universita\/index.php\/wp-json\/wp\/v2\/media\/2539"}],"wp:attachment":[{"href":"https:\/\/www.diocesidiroma.it\/universita\/index.php\/wp-json\/wp\/v2\/media?parent=2537"}],"wp:term":[{"taxonomy":"category","embeddable":true,"href":"https:\/\/www.diocesidiroma.it\/universita\/index.php\/wp-json\/wp\/v2\/categories?post=2537"},{"taxonomy":"post_tag","embeddable":true,"href":"https:\/\/www.diocesidiroma.it\/universita\/index.php\/wp-json\/wp\/v2\/tags?post=2537"}],"curies":[{"name":"wp","href":"https:\/\/api.w.org\/{rel}","templated":true}]}}