{"id":2556,"date":"2020-10-09T10:50:26","date_gmt":"2020-10-09T08:50:26","guid":{"rendered":"https:\/\/www.diocesidiroma.it\/culturaeuniversita\/?p=2556"},"modified":"2020-11-26T19:40:51","modified_gmt":"2020-11-26T18:40:51","slug":"raffaello-roma-e-lideale-del-rinascimento-2","status":"publish","type":"post","link":"https:\/\/www.diocesidiroma.it\/universita\/index.php\/raffaello-roma-e-lideale-del-rinascimento-2\/","title":{"rendered":"Raffaello, Roma e l\u2019ideale del Rinascimento"},"content":{"rendered":"<p>Siamo lieti di annunciare che<strong> venerd\u00ec 9 ottobre<\/strong> p.v. riprenderanno gli incontri curati dall\u2019Ufficio per la Cultura e l\u2019Universit\u00e0 del Vicariato di Roma.<\/p>\n<p>Il primo appuntamento \u201c<strong>Raffaello, Roma e l\u2019ideale del Rinascimento<\/strong>\u201d, si terr\u00e0 alle 19.00 presso l\u2019Orto Botanico di Roma.<\/p>\n<p><strong>VISTE LE NORMATIVE NAZIONALI DOVUTE ALL\u2019EMERGENZA SANITARIA, IL NUMERO DI POSTI E\u2019 LIMITATO E L\u2019INGRESSO SARA\u2019 CONSENTITO SOLO A COLORO CHE AVRANNO PRENOTATO<\/strong> (INVIANDO UNA MAIL A ufficioculturaeuniversita@diocesidiroma.it) <strong>E AVRANNO RICEVUTO RELATIVA CONFERMA.<\/strong><\/p>\n<p>L\u2019ACCESSO <strong>ALL\u2019ORTO BOTANICO<\/strong> PREVEDE UN BIGLIETTO RIDOTTO DI \u20ac 4: COLORO CHE AVRANNO RICEVUTO CONFERMA DELLA PRENOTAZIONE, POTRANNO PAGARE DIRETTAMENTE ALL\u2019INGRESSO.<\/p>\n<p>L\u2019evento sar\u00e0 trasmesso in diretta Facebook su Radiopi\u00f9 Roma. In caso di maltempo sar\u00e0 esclusivamente in streaming<\/p>\n<p style=\"text-align: center;\">.<img loading=\"lazy\" decoding=\"async\" class=\" wp-image-2552 alignnone\" style=\"margin: 4px 20px 4px 0px; outline: #72777c solid 1px; height: 373px; text-align: left; color: #333333; text-transform: none; text-indent: 0px; letter-spacing: 0.5px; font-size: 16px; font-style: normal; font-variant: normal; font-weight: 400; text-decoration: none; word-spacing: 0.5px; white-space: normal; max-width: 100%; orphans: 2; -webkit-text-stroke-width: 0px;\" src=\"https:\/\/www.diocesidiroma.it\/culturaeuniversita\/wp-content\/uploads\/2020\/10\/Segnalibro_Raffaello2-98x300.jpg\" alt=\"\" width=\"122\" height=\"300\" \/><\/p>\n","protected":false},"excerpt":{"rendered":"<p>Siamo lieti di annunciare che venerd\u00ec 9 ottobre p.v. riprenderanno gli incontri curati dall\u2019Ufficio per la Cultura e l\u2019Universit\u00e0 del Vicariato di Roma. Il primo appuntamento \u201cRaffaello, Roma e l\u2019ideale <a href=\"https:\/\/www.diocesidiroma.it\/universita\/index.php\/raffaello-roma-e-lideale-del-rinascimento-2\/\"> Read more&#8230;<\/a><\/p>\n","protected":false},"author":11,"featured_media":2561,"comment_status":"closed","ping_status":"open","sticky":false,"template":"","format":"standard","meta":{"footnotes":""},"categories":[67],"tags":[],"class_list":["post-2556","post","type-post","status-publish","format-standard","has-post-thumbnail","hentry","category-archivio-eventi"],"acf":[],"_links":{"self":[{"href":"https:\/\/www.diocesidiroma.it\/universita\/index.php\/wp-json\/wp\/v2\/posts\/2556","targetHints":{"allow":["GET"]}}],"collection":[{"href":"https:\/\/www.diocesidiroma.it\/universita\/index.php\/wp-json\/wp\/v2\/posts"}],"about":[{"href":"https:\/\/www.diocesidiroma.it\/universita\/index.php\/wp-json\/wp\/v2\/types\/post"}],"author":[{"embeddable":true,"href":"https:\/\/www.diocesidiroma.it\/universita\/index.php\/wp-json\/wp\/v2\/users\/11"}],"replies":[{"embeddable":true,"href":"https:\/\/www.diocesidiroma.it\/universita\/index.php\/wp-json\/wp\/v2\/comments?post=2556"}],"version-history":[{"count":3,"href":"https:\/\/www.diocesidiroma.it\/universita\/index.php\/wp-json\/wp\/v2\/posts\/2556\/revisions"}],"predecessor-version":[{"id":2584,"href":"https:\/\/www.diocesidiroma.it\/universita\/index.php\/wp-json\/wp\/v2\/posts\/2556\/revisions\/2584"}],"wp:featuredmedia":[{"embeddable":true,"href":"https:\/\/www.diocesidiroma.it\/universita\/index.php\/wp-json\/wp\/v2\/media\/2561"}],"wp:attachment":[{"href":"https:\/\/www.diocesidiroma.it\/universita\/index.php\/wp-json\/wp\/v2\/media?parent=2556"}],"wp:term":[{"taxonomy":"category","embeddable":true,"href":"https:\/\/www.diocesidiroma.it\/universita\/index.php\/wp-json\/wp\/v2\/categories?post=2556"},{"taxonomy":"post_tag","embeddable":true,"href":"https:\/\/www.diocesidiroma.it\/universita\/index.php\/wp-json\/wp\/v2\/tags?post=2556"}],"curies":[{"name":"wp","href":"https:\/\/api.w.org\/{rel}","templated":true}]}}