{"id":2689,"date":"2020-12-21T14:23:09","date_gmt":"2020-12-21T13:23:09","guid":{"rendered":"https:\/\/www.diocesidiroma.it\/culturaeuniversita\/?p=2689"},"modified":"2020-12-30T11:36:36","modified_gmt":"2020-12-30T10:36:36","slug":"auguri-natale-2020","status":"publish","type":"post","link":"https:\/\/www.diocesidiroma.it\/universita\/index.php\/auguri-natale-2020\/","title":{"rendered":"Auguri Natale 2020"},"content":{"rendered":"<p style=\"text-align: center;\"><em>\u201cBenedetto questo nuovo giorno<\/em><br \/>\n<em>che \u00e8 Natale per la terra<\/em><br \/>\n<em>poich\u00e9 in me Ges\u00f9<\/em><br \/>\n<em>vuole viverlo ancora\u201d.<\/em><\/p>\n<p style=\"text-align: center;\"><strong>Madeleine Delbr\u00eal<\/strong><\/p>\n<p>&nbsp;<\/p>\n<h5><em>Carissimi tutti,<\/em><br \/>\n<em>porgiamo i nostri migliori auguri di buon Natale e sereno Anno nuovo.<\/em><\/h5>\n<h5><\/h5>\n<p>Mons. Andrea Lonardo<br \/>\ne i collaboratori<br \/>\ndell\u2019Ufficio per la Cultura e l\u2019Universit\u00e0<\/p>\n","protected":false},"excerpt":{"rendered":"<p>\u201cBenedetto questo nuovo giorno che \u00e8 Natale per la terra poich\u00e9 in me Ges\u00f9 vuole viverlo ancora\u201d. Madeleine Delbr\u00eal &nbsp; Carissimi tutti, porgiamo i nostri migliori auguri di buon Natale <a href=\"https:\/\/www.diocesidiroma.it\/universita\/index.php\/auguri-natale-2020\/\"> Read more&#8230;<\/a><\/p>\n","protected":false},"author":11,"featured_media":2691,"comment_status":"closed","ping_status":"closed","sticky":false,"template":"","format":"standard","meta":{"footnotes":""},"categories":[1],"tags":[],"class_list":["post-2689","post","type-post","status-publish","format-standard","has-post-thumbnail","hentry","category-news"],"acf":[],"_links":{"self":[{"href":"https:\/\/www.diocesidiroma.it\/universita\/index.php\/wp-json\/wp\/v2\/posts\/2689","targetHints":{"allow":["GET"]}}],"collection":[{"href":"https:\/\/www.diocesidiroma.it\/universita\/index.php\/wp-json\/wp\/v2\/posts"}],"about":[{"href":"https:\/\/www.diocesidiroma.it\/universita\/index.php\/wp-json\/wp\/v2\/types\/post"}],"author":[{"embeddable":true,"href":"https:\/\/www.diocesidiroma.it\/universita\/index.php\/wp-json\/wp\/v2\/users\/11"}],"replies":[{"embeddable":true,"href":"https:\/\/www.diocesidiroma.it\/universita\/index.php\/wp-json\/wp\/v2\/comments?post=2689"}],"version-history":[{"count":2,"href":"https:\/\/www.diocesidiroma.it\/universita\/index.php\/wp-json\/wp\/v2\/posts\/2689\/revisions"}],"predecessor-version":[{"id":2692,"href":"https:\/\/www.diocesidiroma.it\/universita\/index.php\/wp-json\/wp\/v2\/posts\/2689\/revisions\/2692"}],"wp:featuredmedia":[{"embeddable":true,"href":"https:\/\/www.diocesidiroma.it\/universita\/index.php\/wp-json\/wp\/v2\/media\/2691"}],"wp:attachment":[{"href":"https:\/\/www.diocesidiroma.it\/universita\/index.php\/wp-json\/wp\/v2\/media?parent=2689"}],"wp:term":[{"taxonomy":"category","embeddable":true,"href":"https:\/\/www.diocesidiroma.it\/universita\/index.php\/wp-json\/wp\/v2\/categories?post=2689"},{"taxonomy":"post_tag","embeddable":true,"href":"https:\/\/www.diocesidiroma.it\/universita\/index.php\/wp-json\/wp\/v2\/tags?post=2689"}],"curies":[{"name":"wp","href":"https:\/\/api.w.org\/{rel}","templated":true}]}}