{"id":2695,"date":"2020-12-30T11:28:55","date_gmt":"2020-12-30T10:28:55","guid":{"rendered":"https:\/\/www.diocesidiroma.it\/culturaeuniversita\/?p=2695"},"modified":"2021-01-09T22:46:35","modified_gmt":"2021-01-09T21:46:35","slug":"dio-e-vicino-a-tutti-il-messaggio-natalizio-del-cardinale-vicario","status":"publish","type":"post","link":"https:\/\/www.diocesidiroma.it\/universita\/index.php\/dio-e-vicino-a-tutti-il-messaggio-natalizio-del-cardinale-vicario\/","title":{"rendered":"Dio \u00e8 vicino a tutti: Il messaggio natalizio del cardinale vicario"},"content":{"rendered":"<p class=\"post-subtitle\">Il messaggio natalizio del cardinale vicario a Roma e ai romani, nel solco delle linee guida dell\u2019anno pastorale.<\/p>\n<p><strong>Un Natale che annuncia<\/strong>\u00a0la prossimit\u00e0 di Dio, un Dio talmente vicino che si incarna e sceglie di scendere in mezzo a noi, nelle nostre strade; un Natale di pace che sappia far scaturire iniziative e atteggiamenti positivi anche in mezzo a questa lunga e inattesa crisi sanitaria; un Natale di preghiera per accogliere il Figlio di Dio che si fa uomo. Sono i tre punti del messaggio di auguri natalizi che, attraverso la pagina Facebook della diocesi, il cardinale vicario Angelo De Donatis ha voluto rivolgere non solo \u00abai nostri fedeli, ai nostri cristiani\u00bb ma \u00aba ogni cittadino della nostra carissima Roma\u00bb.<\/p>\n<p><strong>\u00abSentire che Dio \u00e8 vicino<\/strong>\u00a0a tutti \u2013 ha detto il vicario del Papa -. \u00c8 talmente vicino che ha scelto di nascere in questo nostro mondo, in questa nostra citt\u00e0, in queste nostre strade, in questi nostri quartieri: Dio \u00e8 vicino\u00bb. La conseguenza deve essere \u00abche ciascuno di noi sappia testimoniarlo\u00bb. Un augurio nel solco delle linee guida per questo anno pastorale che lo stesso cardinale aveva \u201cconsegnato\u201d a presbiteri e laici in occasione dei vespri della solennit\u00e0 di san Giovanni Battista, lo scorso 24 giugno. \u00abL\u2019attenzione del cammino diocesano del prossimo anno pastorale \u2013 aveva detto in quell\u2019occasione \u2013 \u00e8 posta sull\u2019entrare in relazione ancora di pi\u00f9 con le persone che abitano i nostri quartieri e ascoltare con un cuore contemplativo le loro storie di vita. Dalla pandemia del coronavirus, questo impegno ne esce rafforzato e non indebolito\u00bb.<\/p>\n<p><strong>Un impegno che si \u00e8<\/strong>\u00a0concretizzato in tantissime iniziative, grazie alle parrocchie, alla Caritas diocesana, alle associazioni, che hanno moltiplicato gli sforzi per andare incontro a quanti hanno subito e continuano a subire le conseguenze della pandemia. Sul piano sanitario, come ha ricordato il cardinale nella recente Messa celebrata all\u2019ospedale San Carlo di Nancy, esprimendo \u00abammirazione e gratitudine\u00bb al personale sanitario; sul piano economico, con il sostegno, solo per citare un esempio, della Caritas ai 7.476 nuovi poveri che da marzo si sono rivolti ai centri d\u2019ascolto; sul piano spirituale, con la costante disponibilit\u00e0 ad ascoltare e aiutare i malati, quanti vivono in solitudine i lunghi periodi di isolamento o\u00a0hanno subito la dolorosa perdita di persone care a causa del Covid-19, spesso senza neppure la possibilit\u00e0 di un ultimo saluto.<\/p>\n<p><strong>Un impegno che rappresenta<\/strong>\u00a0un fil rouge con il secondo augurio di De Donatis: \u00abOgnuno di noi \u00e8 chiamato a essere costruttore di pace. Gli angeli lo annunciano a Bethlem, invocano la pace per tutti gli uomini amati dal Signore: ciascuno senta questa missione di essere strumento di pace in questo nostro tempo.\u00a0Siamo fratelli, scompaiano veramente le guerre, i contrasti, i conflitti; che si viva, come ha detto Papa Francesco, la crisi in maniera bella, feconda perch\u00e9 dalla crisi nascono sempre cose nuove; dai conflitti no, c\u2019\u00e8 solo morte\u00bb. Sempre nell\u2019incontro di giugno il cardinale aveva indicato due obiettivi che restano prioritari ed anzi si rafforzano con questo augurio: \u00abCollaborare per realizzare cose nuove con coraggio\u00bb e \u00abvalorizzare le famiglie come soggetto attivo dell\u2019evangelizzazione\u00bb. Infine, De Donatis si augura che in questo tempo di Natale, che terminer\u00e0 con la festa del Battesimo del Signore il prossimo 10 gennaio, \u00abci sia preghiera nelle nostre famiglie; preghiera semplice ma che apra il cuore di ognuno ad accogliere Ges\u00f9 Salvatore\u00bb.<\/p>\n<p><strong>Fonte<\/strong>: https:\/\/www.romasette.it\/de-donatis-dio-e-vicino-a-tutti\/ di\u00a0<a class=\"post-author-a post-author-avatar\" title=\"Sfoglia Autore Articoli\" href=\"https:\/\/www.romasette.it\/author\/andrea-acali\/\"><span class=\"post-author-name\"><b>Andrea Acali.<\/b><\/span><\/a><\/p>\n","protected":false},"excerpt":{"rendered":"<p>Il messaggio natalizio del cardinale vicario a Roma e ai romani, nel solco delle linee guida dell\u2019anno pastorale. Un Natale che annuncia\u00a0la prossimit\u00e0 di Dio, un Dio talmente vicino che <a href=\"https:\/\/www.diocesidiroma.it\/universita\/index.php\/dio-e-vicino-a-tutti-il-messaggio-natalizio-del-cardinale-vicario\/\"> Read more&#8230;<\/a><\/p>\n","protected":false},"author":11,"featured_media":2698,"comment_status":"closed","ping_status":"closed","sticky":false,"template":"","format":"standard","meta":{"footnotes":""},"categories":[1],"tags":[],"class_list":["post-2695","post","type-post","status-publish","format-standard","has-post-thumbnail","hentry","category-news"],"acf":[],"_links":{"self":[{"href":"https:\/\/www.diocesidiroma.it\/universita\/index.php\/wp-json\/wp\/v2\/posts\/2695","targetHints":{"allow":["GET"]}}],"collection":[{"href":"https:\/\/www.diocesidiroma.it\/universita\/index.php\/wp-json\/wp\/v2\/posts"}],"about":[{"href":"https:\/\/www.diocesidiroma.it\/universita\/index.php\/wp-json\/wp\/v2\/types\/post"}],"author":[{"embeddable":true,"href":"https:\/\/www.diocesidiroma.it\/universita\/index.php\/wp-json\/wp\/v2\/users\/11"}],"replies":[{"embeddable":true,"href":"https:\/\/www.diocesidiroma.it\/universita\/index.php\/wp-json\/wp\/v2\/comments?post=2695"}],"version-history":[{"count":2,"href":"https:\/\/www.diocesidiroma.it\/universita\/index.php\/wp-json\/wp\/v2\/posts\/2695\/revisions"}],"predecessor-version":[{"id":2699,"href":"https:\/\/www.diocesidiroma.it\/universita\/index.php\/wp-json\/wp\/v2\/posts\/2695\/revisions\/2699"}],"wp:featuredmedia":[{"embeddable":true,"href":"https:\/\/www.diocesidiroma.it\/universita\/index.php\/wp-json\/wp\/v2\/media\/2698"}],"wp:attachment":[{"href":"https:\/\/www.diocesidiroma.it\/universita\/index.php\/wp-json\/wp\/v2\/media?parent=2695"}],"wp:term":[{"taxonomy":"category","embeddable":true,"href":"https:\/\/www.diocesidiroma.it\/universita\/index.php\/wp-json\/wp\/v2\/categories?post=2695"},{"taxonomy":"post_tag","embeddable":true,"href":"https:\/\/www.diocesidiroma.it\/universita\/index.php\/wp-json\/wp\/v2\/tags?post=2695"}],"curies":[{"name":"wp","href":"https:\/\/api.w.org\/{rel}","templated":true}]}}