{"id":2716,"date":"2021-01-25T12:45:01","date_gmt":"2021-01-25T11:45:01","guid":{"rendered":"https:\/\/www.diocesidiroma.it\/culturaeuniversita\/?p=2716"},"modified":"2021-01-28T11:53:04","modified_gmt":"2021-01-28T10:53:04","slug":"formazione-per-gli-operatori-di-pastorale-universitaria","status":"publish","type":"post","link":"https:\/\/www.diocesidiroma.it\/universita\/index.php\/formazione-per-gli-operatori-di-pastorale-universitaria\/","title":{"rendered":"Formazione per gli operatori di Pastorale universitaria"},"content":{"rendered":"<p><img loading=\"lazy\" decoding=\"async\" class=\"size-medium wp-image-2720 alignleft\" src=\"https:\/\/www.diocesidiroma.it\/culturaeuniversita\/wp-content\/uploads\/2021\/01\/Ascolto-A-tutto-campo-200x300.jpg\" alt=\"\" width=\"200\" height=\"300\" srcset=\"https:\/\/www.diocesidiroma.it\/universita\/wp-content\/uploads\/2021\/01\/Ascolto-A-tutto-campo-200x300.jpg 200w, https:\/\/www.diocesidiroma.it\/universita\/wp-content\/uploads\/2021\/01\/Ascolto-A-tutto-campo-683x1024.jpg 683w, https:\/\/www.diocesidiroma.it\/universita\/wp-content\/uploads\/2021\/01\/Ascolto-A-tutto-campo-768x1152.jpg 768w, https:\/\/www.diocesidiroma.it\/universita\/wp-content\/uploads\/2021\/01\/Ascolto-A-tutto-campo-600x900.jpg 600w, https:\/\/www.diocesidiroma.it\/universita\/wp-content\/uploads\/2021\/01\/Ascolto-A-tutto-campo.jpg 800w\" sizes=\"auto, (max-width: 200px) 100vw, 200px\" \/>Il servizio per la Cultura e l\u2019Universit\u00e0 propone un <strong>itinerario di formazione e di ascolto<\/strong> del grido della citt\u00e0, secondo le indicazioni del Cardinal Vicario. Il percorso \u00e8 strutturato attorno a cinque incontri rivolti ai <strong>cappellani universitari<\/strong>, alle c<strong>ollaboratrici<\/strong> e ai <strong>collaboratori<\/strong>, ai <strong>direttori<\/strong> e alle <strong>direttrici<\/strong> <strong>delle residenze universitarie<\/strong> e ai <strong>componenti della Consulta universitaria<\/strong>. Gli incontri si svolgeranno su piattaforma zoom con possibilit\u00e0 di intervenire e contribuire all\u2019approfondimento.<\/p>\n<p>&nbsp;<\/p>\n<p>Per partecipare e ricevere il link di accesso alla piattaforma zoom inviare richiesta a <a href=\"mailto:ufficioculturaeuniversita@diocesidiroma.it\">ufficioculturaeuniversita@diocesidiroma.it<\/a>.<\/p>\n<p>&nbsp;<\/p>\n","protected":false},"excerpt":{"rendered":"<p>Il servizio per la Cultura e l\u2019Universit\u00e0 propone un itinerario di formazione e di ascolto del grido della citt\u00e0, secondo le indicazioni del Cardinal Vicario. Il percorso \u00e8 strutturato attorno <a href=\"https:\/\/www.diocesidiroma.it\/universita\/index.php\/formazione-per-gli-operatori-di-pastorale-universitaria\/\"> Read more&#8230;<\/a><\/p>\n","protected":false},"author":11,"featured_media":2719,"comment_status":"closed","ping_status":"closed","sticky":false,"template":"","format":"standard","meta":{"footnotes":""},"categories":[67],"tags":[],"class_list":["post-2716","post","type-post","status-publish","format-standard","has-post-thumbnail","hentry","category-archivio-eventi"],"acf":[],"_links":{"self":[{"href":"https:\/\/www.diocesidiroma.it\/universita\/index.php\/wp-json\/wp\/v2\/posts\/2716","targetHints":{"allow":["GET"]}}],"collection":[{"href":"https:\/\/www.diocesidiroma.it\/universita\/index.php\/wp-json\/wp\/v2\/posts"}],"about":[{"href":"https:\/\/www.diocesidiroma.it\/universita\/index.php\/wp-json\/wp\/v2\/types\/post"}],"author":[{"embeddable":true,"href":"https:\/\/www.diocesidiroma.it\/universita\/index.php\/wp-json\/wp\/v2\/users\/11"}],"replies":[{"embeddable":true,"href":"https:\/\/www.diocesidiroma.it\/universita\/index.php\/wp-json\/wp\/v2\/comments?post=2716"}],"version-history":[{"count":3,"href":"https:\/\/www.diocesidiroma.it\/universita\/index.php\/wp-json\/wp\/v2\/posts\/2716\/revisions"}],"predecessor-version":[{"id":2722,"href":"https:\/\/www.diocesidiroma.it\/universita\/index.php\/wp-json\/wp\/v2\/posts\/2716\/revisions\/2722"}],"wp:featuredmedia":[{"embeddable":true,"href":"https:\/\/www.diocesidiroma.it\/universita\/index.php\/wp-json\/wp\/v2\/media\/2719"}],"wp:attachment":[{"href":"https:\/\/www.diocesidiroma.it\/universita\/index.php\/wp-json\/wp\/v2\/media?parent=2716"}],"wp:term":[{"taxonomy":"category","embeddable":true,"href":"https:\/\/www.diocesidiroma.it\/universita\/index.php\/wp-json\/wp\/v2\/categories?post=2716"},{"taxonomy":"post_tag","embeddable":true,"href":"https:\/\/www.diocesidiroma.it\/universita\/index.php\/wp-json\/wp\/v2\/tags?post=2716"}],"curies":[{"name":"wp","href":"https:\/\/api.w.org\/{rel}","templated":true}]}}