{"id":2777,"date":"2021-03-24T22:25:39","date_gmt":"2021-03-24T21:25:39","guid":{"rendered":"https:\/\/www.diocesidiroma.it\/culturaeuniversita\/?p=2777"},"modified":"2021-05-10T10:55:36","modified_gmt":"2021-05-10T08:55:36","slug":"ritiro-di-quaresima-per-i-docenti-universitari","status":"publish","type":"post","link":"https:\/\/www.diocesidiroma.it\/universita\/index.php\/ritiro-di-quaresima-per-i-docenti-universitari\/","title":{"rendered":"Ritiro di Quaresima per i docenti universitari"},"content":{"rendered":"<div>\n<div><\/div>\n<\/div>\n<div><img loading=\"lazy\" decoding=\"async\" class=\"alignnone size-medium wp-image-2815\" src=\"https:\/\/www.diocesidiroma.it\/culturaeuniversita\/wp-content\/uploads\/2021\/03\/Servizio-per-la-Cultura-e-l\u2019Universit\u00e0-2-212x300.jpg\" alt=\"\" width=\"212\" height=\"300\" srcset=\"https:\/\/www.diocesidiroma.it\/universita\/wp-content\/uploads\/2021\/03\/Servizio-per-la-Cultura-e-l\u2019Universit\u00e0-2-212x300.jpg 212w, https:\/\/www.diocesidiroma.it\/universita\/wp-content\/uploads\/2021\/03\/Servizio-per-la-Cultura-e-l\u2019Universit\u00e0-2-724x1024.jpg 724w, https:\/\/www.diocesidiroma.it\/universita\/wp-content\/uploads\/2021\/03\/Servizio-per-la-Cultura-e-l\u2019Universit\u00e0-2-768x1086.jpg 768w, https:\/\/www.diocesidiroma.it\/universita\/wp-content\/uploads\/2021\/03\/Servizio-per-la-Cultura-e-l\u2019Universit\u00e0-2-600x849.jpg 600w, https:\/\/www.diocesidiroma.it\/universita\/wp-content\/uploads\/2021\/03\/Servizio-per-la-Cultura-e-l\u2019Universit\u00e0-2-1086x1536.jpg 1086w, https:\/\/www.diocesidiroma.it\/universita\/wp-content\/uploads\/2021\/03\/Servizio-per-la-Cultura-e-l\u2019Universit\u00e0-2-1448x2048.jpg 1448w, https:\/\/www.diocesidiroma.it\/universita\/wp-content\/uploads\/2021\/03\/Servizio-per-la-Cultura-e-l\u2019Universit\u00e0-2.jpg 1587w\" sizes=\"auto, (max-width: 212px) 100vw, 212px\" \/><\/div>\n<div>Mercoled\u00ec 24 marzo 2021<\/div>\n<div>\n<p>dalle 18.30 alle 19.45<\/p>\n<div><\/div>\n<div><\/div>\n<div>PATERNIT\u00c0&#8217; E INSEGNAMENTO UNIVERSITARIO<\/div>\n<div><\/div>\n<div>Terr\u00e0 la meditazione Mons. Andrea Lonardo<\/div>\n<div><\/div>\n<div>Per partecipare e ricevere il link di accesso a zoom<\/div>\n<div>inviare richiesta a<\/div>\n<div>ufficioculturaeuniversit\u00e0@<a href=\"http:\/\/diocesidiroma.it\/\" target=\"_blank\" rel=\"noopener\" data-saferedirecturl=\"https:\/\/www.google.com\/url?q=http:\/\/diocesidiroma.it&amp;source=gmail&amp;ust=1615063740231000&amp;usg=AFQjCNE2yOa_JoPS5E__Tc1RkyfKlhVdhQ\">dioc<wbr \/>esidiroma.it<\/a><\/div>\n<\/div>\n","protected":false},"excerpt":{"rendered":"<p>Mercoled\u00ec 24 marzo 2021 dalle 18.30 alle 19.45 PATERNIT\u00c0&#8217; E INSEGNAMENTO UNIVERSITARIO Terr\u00e0 la meditazione Mons. Andrea Lonardo Per partecipare e ricevere il link di accesso a zoom inviare richiesta <a href=\"https:\/\/www.diocesidiroma.it\/universita\/index.php\/ritiro-di-quaresima-per-i-docenti-universitari\/\"> Read more&#8230;<\/a><\/p>\n","protected":false},"author":11,"featured_media":2816,"comment_status":"closed","ping_status":"closed","sticky":false,"template":"","format":"standard","meta":{"footnotes":""},"categories":[67],"tags":[],"class_list":["post-2777","post","type-post","status-publish","format-standard","has-post-thumbnail","hentry","category-archivio-eventi"],"acf":[],"_links":{"self":[{"href":"https:\/\/www.diocesidiroma.it\/universita\/index.php\/wp-json\/wp\/v2\/posts\/2777","targetHints":{"allow":["GET"]}}],"collection":[{"href":"https:\/\/www.diocesidiroma.it\/universita\/index.php\/wp-json\/wp\/v2\/posts"}],"about":[{"href":"https:\/\/www.diocesidiroma.it\/universita\/index.php\/wp-json\/wp\/v2\/types\/post"}],"author":[{"embeddable":true,"href":"https:\/\/www.diocesidiroma.it\/universita\/index.php\/wp-json\/wp\/v2\/users\/11"}],"replies":[{"embeddable":true,"href":"https:\/\/www.diocesidiroma.it\/universita\/index.php\/wp-json\/wp\/v2\/comments?post=2777"}],"version-history":[{"count":5,"href":"https:\/\/www.diocesidiroma.it\/universita\/index.php\/wp-json\/wp\/v2\/posts\/2777\/revisions"}],"predecessor-version":[{"id":2821,"href":"https:\/\/www.diocesidiroma.it\/universita\/index.php\/wp-json\/wp\/v2\/posts\/2777\/revisions\/2821"}],"wp:featuredmedia":[{"embeddable":true,"href":"https:\/\/www.diocesidiroma.it\/universita\/index.php\/wp-json\/wp\/v2\/media\/2816"}],"wp:attachment":[{"href":"https:\/\/www.diocesidiroma.it\/universita\/index.php\/wp-json\/wp\/v2\/media?parent=2777"}],"wp:term":[{"taxonomy":"category","embeddable":true,"href":"https:\/\/www.diocesidiroma.it\/universita\/index.php\/wp-json\/wp\/v2\/categories?post=2777"},{"taxonomy":"post_tag","embeddable":true,"href":"https:\/\/www.diocesidiroma.it\/universita\/index.php\/wp-json\/wp\/v2\/tags?post=2777"}],"curies":[{"name":"wp","href":"https:\/\/api.w.org\/{rel}","templated":true}]}}