{"id":2786,"date":"2021-03-13T14:25:49","date_gmt":"2021-03-13T13:25:49","guid":{"rendered":"https:\/\/www.diocesidiroma.it\/culturaeuniversita\/?p=2786"},"modified":"2021-03-15T10:24:39","modified_gmt":"2021-03-15T09:24:39","slug":"meditazioni-del-cardinal-vicario-per-tutti-i-preti-di-roma-donate-anche-a-noi-cappellani-universitari","status":"publish","type":"post","link":"https:\/\/www.diocesidiroma.it\/universita\/index.php\/meditazioni-del-cardinal-vicario-per-tutti-i-preti-di-roma-donate-anche-a-noi-cappellani-universitari\/","title":{"rendered":"Meditazioni del cardinal vicario per tutti i preti di Roma"},"content":{"rendered":"<p>Meditazioni del cardinal vicario per tutti i preti di Roma, donate anche a noi cappellani universitari<\/p>\n<p style=\"font-weight: 400; text-align: right;\">\u00a0\u00a0\u00a0\u00a0\u00a0\u00a0\u00a0\u00a0\u00a0\u00a0\u00a0\u00a0\u00a0\u00a0\u00a0\u00a0\u00a0\u00a0\u00a0\u00a0\u00a0\u00a0\u00a0\u00a0\u00a0 \u00a0\u00a0\u00a0\u00a0\u00a0\u00a0\u00a0\u00a0\u00a0\u00a0\u00a0\u00a0\u00a0\u00a0\u00a0\u00a0\u00a0\u00a0\u00a0\u00a0\u00a0\u00a0\u00a0\u00a0\u00a0\u00a0\u00a0\u00a0\u00a0\u00a0\u00a0\u00a0\u00a0\u00a0\u00a0\u00a0\u00a0\u00a0\u00a0\u00a0\u00a0\u00a0\u00a0\u00a0\u00a0\u00a0\u00a0\u00a0\u00a0\u00a0\u00a0\u00a0\u00a0\u00a0\u00a0\u00a0\u00a0\u00a0\u00a0\u00a0\u00a0\u00a0\u00a0\u00a0\u00a0\u00a0\u00a0\u00a0\u00a0\u00a0\u00a0\u00a0\u00a0\u00a0\u00a0\u00a0\u00a0\u00a0\u00a0\u00a0\u00a0\u00a0\u00a0\u00a0\u00a0\u00a0\u00a0\u00a0\u00a0\u00a0\u00a0\u00a0\u00a0\u00a0 \u00a0\u00a0\u00a0\u00a0\u00a0\u00a0\u00a0\u00a0\u00a0\u00a0\u00a0\u00a0\u00a0\u00a0\u00a0\u00a0\u00a0\u00a0\u00a0\u00a0\u00a0\u00a0\u00a0\u00a0\u00a0\u00a0\u00a0\u00a0\u00a0\u00a0\u00a0\u00a0\u00a0\u00a0\u00a0 Ai Sacerdoti e Diaconi della Diocesi di Roma<\/p>\n<p style=\"font-weight: 400; text-align: right;\">\u00a0 \u00a0 \u00a0 \u00a0 \u00a0 \u00a0 \u00a0 \u00a0 \u00a0 \u00a0 \u00a0 \u00a0 \u00a0 \u00a0 \u00a0 \u00a0 \u00a0 \u00a0 \u00a0 \u00a0 \u00a0 \u00a0 \u00a0 \u00a0 \u00a0 \u00a0 \u00a0 \u00a0 \u00a0 \u00a0 \u00a0 \u00a0 \u00a0 \u00a0 \u00a0 \u00a0 \u00a0 \u00a0 \u00a0 \u00a0 \u00a0 \u00a0 \u00a0 \u00a0 \u00a0 \u00a0 \u00a0 \u00a0 \u00a0 \u00a0 \u00a0 \u00a0 \u00a0 \u00a0 \u00a0 \u00a0 \u00a0 \u00a0 \u00a0 \u00a0 \u00a0 \u00a0 \u00a0 \u00a0 \u00a0 \u00a0 \u00a0 \u00a0 \u00a0 \u00a0 \u00a0 \u00a0 \u00a0 \u00a0 \u00a0 \u00a0 \u00a0 \u00a0 \u00a0 \u00a0 \u00a0 \u00a0 \u00a0 \u00a0 \u00a0 \u00a0 \u00a0 \u00a0 \u00a0 \u00a0 \u00a0 \u00a0 \u00a0 \u00a0 \u00a0 \u00a0 \u00a0 \u00a0 \u00a0 \u00a0 \u00a0 \u00a0 <strong>\u00a0<\/strong><\/p>\n<p style=\"font-weight: 400; text-align: center;\"><strong>Ite ad Ioseph<\/strong><\/p>\n<p style=\"font-weight: 400; text-align: center;\"><em>Andate da Giuseppe<\/em><\/p>\n<p style=\"font-weight: 400; text-align: center;\">Carissimi,<\/p>\n<p style=\"font-weight: 400; text-align: center;\">\u00a0\u00a0\u00a0\u00a0\u00a0\u00a0\u00a0\u00a0\u00a0\u00a0\u00a0\u00a0\u00a0\u00a0\u00a0\u00a0\u00a0\u00a0\u00a0\u00a0\u00a0\u00a0\u00a0 in piena carestia, dopo i sette anni di abbondanza di grano per l\u2019Egitto, il popolo grida al faraone per avere il pane. La risposta \u00e8 decisa: \u201c<em>Andate da Giuseppe; fate quello che vi dir\u00e0\u201d (Gen 41,55).<\/em><\/p>\n<p style=\"font-weight: 400; text-align: center;\">Queste parole del libro della Genesi, le ritroviamo, solitamente in latino \u2013\u00a0<em>Ite ad Ioseph<\/em>\u00a0\u2013 riferite allo sposo di Maria, sotto le statue che lo raffigurano o sopra gli altari delle chiese a lui dedicate.<\/p>\n<p style=\"font-weight: 400; text-align: center;\">Nell\u2019anno di San Giuseppe, vogliamo sentirle risuonare in noi sacerdoti, in questo tempo di carestia del mondo, certi che il Patrono della Chiesa\u00a0<em>universale<\/em>\u00a0si interessa di ogni\u00a0<em>particolare<\/em>, di ciascuno di noi, perch\u00e9 non manchi mai il pane dell\u2019amore e della fraternit\u00e0.<\/p>\n<p style=\"font-weight: 400; text-align: center;\">Da un anno a questa parte stiamo affrontando situazioni cui non eravamo preparati; i ritmi e le attivit\u00e0 del nostro ministero sono cambiati. A volte abbiamo sperimentato momenti di prova, di aridit\u00e0, di incertezza sul presente e sul futuro.<\/p>\n<p style=\"font-weight: 400; text-align: center;\">Siamo stati chiamati a cambiare gli stili di vita, ma soprattutto a rimettere al centro il Signore, con la sua Parola, con la sua Presenza, ritrovandolo nei piccoli e nei poveri da amare e servire. In qualche modo \u00e8 stata ferita la nostra paternit\u00e0, come una potatura necessaria, affinch\u00e9 potessimo purificarla e portare pi\u00f9 frutto.<\/p>\n<p style=\"font-weight: 400; text-align: center;\">Papa Francesco ci ha donato la splendida lettera \u201c<em>Patris corde<\/em>\u201d su San Giuseppe. Leggendola e meditandola (come abbiamo fatto in particolare in occasione della liturgia penitenziale nel gioved\u00ec dopo le Ceneri), ho creduto pi\u00f9 di una volta che il Papa pensasse, oltre ai pap\u00e0 di famiglia, in particolare a noi sacerdoti. Ha scritto\u00a0<em>per noi<\/em>, perch\u00e9 riscoprissimo il dono, la responsabilit\u00e0 e la gioia della\u00a0<em>paternit\u00e0<\/em>.<\/p>\n<p style=\"font-weight: 400; text-align: center;\">In una \u201csociet\u00e0 senza padri\u201d, la Chiesa infatti ha ancor pi\u00f9 bisogno di riscoprire la paternit\u00e0, che nella lettera \u00e8 delineata in modo completo, indicando Giuseppe come padre\u00a0<em>nella tenerezza, nell\u2019obbedienza, nell\u2019accoglienza,\u00a0<\/em>padre<em>\u00a0lavoratore\u00a0<\/em>e<em>\u00a0<\/em>padre<em>\u00a0nell\u2019ombra.<\/em>\u00a0Inoltre, come scrive al n\u00b05, Giuseppe \u00e8 padre<em>\u00a0\u201cdal coraggio creativo<\/em>\u201d.<\/p>\n<p style=\"font-weight: 400; text-align: center;\">Vorrei soffermarmi su questo aspetto, che credo significativo in questo tempo di pandemia in cui, davanti alla difficolt\u00e0, \u201c<em>ci si pu\u00f2 fermare e abbandonare il campo, oppure ingegnarsi in qualche modo<\/em>\u201d.<\/p>\n<p style=\"font-weight: 400; text-align: center;\">Quest\u2019anno abbiamo vissuto a volte la tentazione di\u00a0<em>fermarci<\/em>\u00a0e di\u00a0<em>abbandonare il campo<\/em>; abbiamo per\u00f2 avuto tante testimonianze di pastori capaci di avere il\u00a0<em>coraggio creativo<\/em>, tirando fuori risorse che non si pensava neanche di avere.<\/p>\n<p style=\"font-weight: 400; text-align: center;\">\u201c<em>Il Cielo<\/em>\u00a0\u2013 scrive il Papa \u2013\u00a0<em>interviene fidandosi del coraggio creativo di Giuseppe\u2026 che sa trasformare un problema in un\u2019opportunit\u00e0 anteponendo sempre la fiducia nella Provvidenza<\/em>\u201d.<\/p>\n<p style=\"font-weight: 400; text-align: center;\">Io sono grato al Signore per il\u00a0<em>coraggio creativo<\/em>\u00a0di voi sacerdoti e, con voi continuo a camminare anche in questo tempo incerto, certo della presenza del Signore che provvede. Prego per voi, vi sostengo con affetto, chiedo che questa quaresima possa essere veramente un\u2019occasione per riscoprire la nostra paternit\u00e0.<\/p>\n<p style=\"font-weight: 400; text-align: center;\">Per questo\u00a0<strong>la proposta di\u00a0<em>ritiro spirituale<\/em><\/strong>\u00a0\u2013 con la traccia che vi mando per la preghiera personale e per la condivisione \u2013\u00a0<strong>vuole essere un\u2019opportunit\u00e0 per fermarci un po\u2019 di tempo davanti a Dio<\/strong>, da soli e con i fratelli,\u00a0<strong>perch\u00e9 il Signore ci aiuti ad avere sempre pi\u00f9\u00a0<em>un cuore di padre<\/em>.<\/strong><\/p>\n<p style=\"font-weight: 400; text-align: center;\">Dio continua a fidarsi di noi, \u201c<em>di quello che possiamo progettare, inventare, trovare<\/em>\u201d. L\u2019importante \u2013 ci ricorda il Papa \u2013 \u201c<em>\u00e8 domandarci se stiamo proteggendo con tutte le nostre forze Ges\u00f9 e Maria, che misteriosamente sono affidati alla nostra responsabilit\u00e0, alla nostra cura, alla nostra custodia\u201d<\/em>. Se avremo cura, nel nostro ministero, di \u201c<em>ogni bisognoso, ogni povero, ogni sofferente, ogni malato<\/em>\u201d, se impareremo da Giuseppe \u201c<em>la medesima cura e responsabilit\u00e0: amare i Sacramenti e la carit\u00e0; amare la Chiesa e i poveri\u201d<\/em>\u00a0\u2026 allora continueremo a custodire il Bambino e sua madre.<\/p>\n<p style=\"font-weight: 400; text-align: center;\">Vi suggerisco di prendervi il tempo necessario, in questi giorni, per fare silenzio, meditare e pregare. Vi esorto a condividere poi i frutti di questa preghiera con i confratelli sacerdoti o anche con i laici, anch\u2019essi invitati a vivere questo ritiro.<\/p>\n<p style=\"font-weight: 400; text-align: center;\">Come \u00e8 stato per i giorni in preparazione alla Pentecoste dell\u2019anno scorso, questa \u00e8 un\u2019occasione da non perdere, un regalo che vogliamo farci per il nostro bene e per quello dell\u2019intera Diocesi di Roma.<\/p>\n<p style=\"font-weight: 400; text-align: center;\">Anche a noi \u00e8 rivolta allora la stessa parola del faraone:\u00a0<em>Andate da Giuseppe!<\/em><\/p>\n<p style=\"font-weight: 400; text-align: center;\">Da lui ci rechiamo fiduciosi, certi che,\u00a0<em>con cuore di padre<\/em>, ci far\u00e0 avere il Pane necessario per tutti<\/p>\n<p style=\"font-weight: 400; text-align: right;\">Angelo Card. De Donatis<\/p>\n<p style=\"font-weight: 400; text-align: right;\">Vicario Generale di Sua Santit\u00e0 per la Diocesi di Roma<\/p>\n<p>13 marzo 2021<\/p>\n<p style=\"font-weight: 400;\">Allegato<\/p>\n<p><a href=\"https:\/\/www.diocesidiroma.it\/archivio\/2021\/cardinale\/Nel_segreto_del_Padre_-_Prima_meditazione_per_la_festa_di_san_Giuseppe_doc_866.pdf\">Scarica la prima meditazione<\/a><\/p>\n<p><a href=\"https:\/\/www.diocesidiroma.it\/archivio\/2021\/cardinale\/Nel_segreto_del_Figlio_-_Seconda_meditazione_per_la_festa_di_san_Giuseppe_doc_867.pdf\">Scarica la seconda meditazione<\/a><\/p>\n<p><a href=\"https:\/\/www.diocesidiroma.it\/archivio\/2021\/cardinale\/Nel_segreto_dello_Spirito_-_Terza_meditazione_per_la_festa_di_san_Giuseppe_doc_868.pdf\">Scarica la terza meditazione<\/a><\/p>\n","protected":false},"excerpt":{"rendered":"<p>Meditazioni del cardinal vicario per tutti i preti di Roma, donate anche a noi cappellani universitari \u00a0\u00a0\u00a0\u00a0\u00a0\u00a0\u00a0\u00a0\u00a0\u00a0\u00a0\u00a0\u00a0\u00a0\u00a0\u00a0\u00a0\u00a0\u00a0\u00a0\u00a0\u00a0\u00a0\u00a0\u00a0 \u00a0\u00a0\u00a0\u00a0\u00a0\u00a0\u00a0\u00a0\u00a0\u00a0\u00a0\u00a0\u00a0\u00a0\u00a0\u00a0\u00a0\u00a0\u00a0\u00a0\u00a0\u00a0\u00a0\u00a0\u00a0\u00a0\u00a0\u00a0\u00a0\u00a0\u00a0\u00a0\u00a0\u00a0\u00a0\u00a0\u00a0\u00a0\u00a0\u00a0\u00a0\u00a0\u00a0\u00a0\u00a0\u00a0\u00a0\u00a0\u00a0\u00a0\u00a0\u00a0\u00a0\u00a0\u00a0\u00a0\u00a0\u00a0\u00a0\u00a0\u00a0\u00a0\u00a0\u00a0\u00a0\u00a0\u00a0\u00a0\u00a0\u00a0\u00a0\u00a0\u00a0\u00a0\u00a0\u00a0\u00a0\u00a0\u00a0\u00a0\u00a0\u00a0\u00a0\u00a0\u00a0\u00a0\u00a0\u00a0\u00a0\u00a0\u00a0\u00a0\u00a0\u00a0 \u00a0\u00a0\u00a0\u00a0\u00a0\u00a0\u00a0\u00a0\u00a0\u00a0\u00a0\u00a0\u00a0\u00a0\u00a0\u00a0\u00a0\u00a0\u00a0\u00a0\u00a0\u00a0\u00a0\u00a0\u00a0\u00a0\u00a0\u00a0\u00a0\u00a0\u00a0\u00a0\u00a0\u00a0\u00a0 Ai Sacerdoti e Diaconi della Diocesi di Roma \u00a0 \u00a0 \u00a0 <a href=\"https:\/\/www.diocesidiroma.it\/universita\/index.php\/meditazioni-del-cardinal-vicario-per-tutti-i-preti-di-roma-donate-anche-a-noi-cappellani-universitari\/\"> Read more&#8230;<\/a><\/p>\n","protected":false},"author":11,"featured_media":2792,"comment_status":"closed","ping_status":"closed","sticky":false,"template":"","format":"standard","meta":{"footnotes":""},"categories":[1],"tags":[],"class_list":["post-2786","post","type-post","status-publish","format-standard","has-post-thumbnail","hentry","category-news"],"acf":[],"_links":{"self":[{"href":"https:\/\/www.diocesidiroma.it\/universita\/index.php\/wp-json\/wp\/v2\/posts\/2786","targetHints":{"allow":["GET"]}}],"collection":[{"href":"https:\/\/www.diocesidiroma.it\/universita\/index.php\/wp-json\/wp\/v2\/posts"}],"about":[{"href":"https:\/\/www.diocesidiroma.it\/universita\/index.php\/wp-json\/wp\/v2\/types\/post"}],"author":[{"embeddable":true,"href":"https:\/\/www.diocesidiroma.it\/universita\/index.php\/wp-json\/wp\/v2\/users\/11"}],"replies":[{"embeddable":true,"href":"https:\/\/www.diocesidiroma.it\/universita\/index.php\/wp-json\/wp\/v2\/comments?post=2786"}],"version-history":[{"count":2,"href":"https:\/\/www.diocesidiroma.it\/universita\/index.php\/wp-json\/wp\/v2\/posts\/2786\/revisions"}],"predecessor-version":[{"id":2789,"href":"https:\/\/www.diocesidiroma.it\/universita\/index.php\/wp-json\/wp\/v2\/posts\/2786\/revisions\/2789"}],"wp:featuredmedia":[{"embeddable":true,"href":"https:\/\/www.diocesidiroma.it\/universita\/index.php\/wp-json\/wp\/v2\/media\/2792"}],"wp:attachment":[{"href":"https:\/\/www.diocesidiroma.it\/universita\/index.php\/wp-json\/wp\/v2\/media?parent=2786"}],"wp:term":[{"taxonomy":"category","embeddable":true,"href":"https:\/\/www.diocesidiroma.it\/universita\/index.php\/wp-json\/wp\/v2\/categories?post=2786"},{"taxonomy":"post_tag","embeddable":true,"href":"https:\/\/www.diocesidiroma.it\/universita\/index.php\/wp-json\/wp\/v2\/tags?post=2786"}],"curies":[{"name":"wp","href":"https:\/\/api.w.org\/{rel}","templated":true}]}}