{"id":2826,"date":"2021-03-22T12:47:20","date_gmt":"2021-03-22T11:47:20","guid":{"rendered":"https:\/\/www.diocesidiroma.it\/culturaeuniversita\/?p=2826"},"modified":"2021-03-31T12:34:44","modified_gmt":"2021-03-31T10:34:44","slug":"la-diocesi-di-roma-ha-un-nuovo-vescovo-ausiliare","status":"publish","type":"post","link":"https:\/\/www.diocesidiroma.it\/universita\/index.php\/la-diocesi-di-roma-ha-un-nuovo-vescovo-ausiliare\/","title":{"rendered":"La diocesi di Roma ha un nuovo vescovo ausiliare"},"content":{"rendered":"<p class=\"post-subtitle\"><em>\u00c8 don Benoni Ambarus, finora direttore della Caritas diocesana. Originario della Romania, il nuovo vescovo, 46 anni, presbitero dal 2000, \u00e8 stato incardinato nella diocesi di Roma nel 2007.\u00a0<\/em><\/p>\n<p><strong>Papa Francesco ha voluto<\/strong>\u00a0per la \u201csua\u201d diocesi di Roma un vescovo ausiliare dedicato ai migranti, alla carit\u00e0 e alla cooperazione missionaria: questa mattina, 20 marzo, il cardinale vicario Angelo De Donatis ha annunciato a Casa Santa Giacinta la nomina di don Benoni Ambarus, originario della Romania, 46 anni, finora direttore della\u00a0<a href=\"http:\/\/www.caritasroma.it\/\" target=\"_blank\" rel=\"noopener\">Caritas diocesana<\/a>\u00a0oltre che parroco dei Santi Elisabetta e Zaccaria a Valle Muricana \u2013 la prima parrocchia romana a ricevere la visita pastorale di Papa Francesco, il 26 maggio 2013 -, che diventa titolare della sede di Tronto. L\u2019ordinazione episcopale, nell\u2019anno dedicato a San Giuseppe, \u00e8 in programma il prossimo 1\u00b0 maggio alle 17.30 nella basilica di San Giovanni in Laterano.<\/p>\n<p><strong>\u00abUn prete straniero,<\/strong>\u00a0romeno romano, vescovo ausiliare a Roma! Sono scherzi del Signore e\u2026 del Papa, verso di me, che sarei dovuto rimanere in Italia solo 4 anni \u2013\u00a0 le parole con cui il nuovo presule ha accolto la nomina -. La Chiesa romena mi ha generato e formato; la Chiesa di Roma, attraverso le varie comunit\u00e0 con le quali si \u00e8 camminato, \u00e8 stata madre e maestra, nelle persone dal volto concreto di padri, madri, fratelli e sorelle. I vari ministeri sono stati scuola intensa di vita \u2013 ha continuato -. Nella mia vita, ogni nuovo incarico che mi \u00e8 stato affidato \u00e8 stato preceduto da una mia resistenza, quasi una lotta, con il Signore, per abbandonarmi poi a un successivo affidamento. E non posso non riconoscere che sia stata sempre una cascata di benedizioni!\u00bb<\/p>\n<div id=\"gallery-1\" class=\"gallery galleryid-82486 gallery-columns-2 gallery-size-publisher-md\">\n<figure class=\"gallery-item\">\n<div class=\"gallery-icon landscape\"><a href=\"https:\/\/www.romasette.it\/wp-content\/uploads\/benoni-ambarus-vescovo-roma_03.jpg\" rel=\"prettyPhoto[gallery_1]\"><img loading=\"lazy\" decoding=\"async\" class=\"attachment-publisher-md size-publisher-md\" src=\"https:\/\/www.romasette.it\/wp-content\/uploads\/benoni-ambarus-vescovo-roma_03-357x210.jpg\" alt=\"Benoni Ambarus vescovo ausiliare di Roma, De Donatis, Casa Santa Giacinta, 20 marzo 2021\" width=\"357\" height=\"210\" \/><\/a><\/div>\n<\/figure>\n<figure class=\"gallery-item\">\n<div class=\"gallery-icon landscape\"><a href=\"https:\/\/www.romasette.it\/wp-content\/uploads\/benoni-ambarus-vescovo-roma_02.jpg\" rel=\"prettyPhoto[gallery_1]\"><img loading=\"lazy\" decoding=\"async\" class=\"attachment-publisher-md size-publisher-md\" src=\"https:\/\/www.romasette.it\/wp-content\/uploads\/benoni-ambarus-vescovo-roma_02-357x210.jpg\" alt=\"nomina di don Benoni Ambarus a vescovo ausiliare di Roma, Casa Santa Giacinta, 20 marzo 2021\" width=\"357\" height=\"210\" \/><\/a><\/div>\n<\/figure>\n<\/div>\n<p><strong>Stupore e gratitudine,<\/strong>\u00a0dunque, nelle parole del sacerdote. \u00abMi rendo sempre pi\u00f9 conto che verso di me, quella del Signore \u00e8 abbondanza di misericordia \u2013 le sue parole -. Tutta la mia vita, tutta la mia storia, \u00e8 avvolta da questa bont\u00e0\u00bb. E la sua gratitudine va al \u00abnostro vescovo il Papa Francesco\u00bb, per la fiducia manifestata. \u00abSono contento di poter dedicare la mia vita al servizio al Regno di Dio, con questa peculiarit\u00e0: delega per la carit\u00e0, per i migranti, cio\u00e8 portatori di sete e passione di vita e di desiderio di dare il meglio per se stessi e per la nostra citt\u00e0, non solo portatori di bisogni\u00bb, ha aggiunto. Quindi, il riferimento al servizio vissuto in Caritas: \u00abIn questi anni, avendo il privilegio di vivere il ministero nella Caritas diocesana, tante volte ho detto, negli incontri e negli interventi: siamo tutti poveri, ed io sono il primo povero, cio\u00e8 mancante, alla scuola del Vangelo dei poveri. Ecco \u2013 ha continuato -, ho imparato cosa significa mancante, mendicante, cosa significa gridare la preghiera e aspettare la salvezza, cosa significa credere e affidarsi. Allo stesso tempo, ho imparato da loro, veri maestri di vita, che ogni morte e caduta \u00e8 garanzia di risurrezione, di salvezza\u00bb.<\/p>\n<div id=\"gallery-2\" class=\"gallery galleryid-82486 gallery-columns-2 gallery-size-publisher-md\">\n<figure class=\"gallery-item\">\n<div class=\"gallery-icon landscape\"><a href=\"https:\/\/www.romasette.it\/wp-content\/uploads\/benoni-ambarus-vescovo-roma_04.jpg\" rel=\"prettyPhoto[gallery_2]\"><img loading=\"lazy\" decoding=\"async\" class=\"attachment-publisher-md size-publisher-md\" src=\"https:\/\/www.romasette.it\/wp-content\/uploads\/benoni-ambarus-vescovo-roma_04-357x210.jpg\" alt=\"nomina di don Benoni Ambarus a vescovo ausiliare di Roma, Enrico Feroci, 20 marzo 2021\" width=\"357\" height=\"210\" \/><\/a><\/div>\n<\/figure>\n<figure class=\"gallery-item\">\n<div class=\"gallery-icon landscape\"><a href=\"https:\/\/www.romasette.it\/wp-content\/uploads\/benoni-ambarus-vescovo-roma_06.jpg\" rel=\"prettyPhoto[gallery_2]\"><img loading=\"lazy\" decoding=\"async\" class=\"attachment-publisher-md size-publisher-md\" src=\"https:\/\/www.romasette.it\/wp-content\/uploads\/benoni-ambarus-vescovo-roma_06-357x210.jpg\" alt=\"nomina di don Benoni Ambarus a vescovo ausiliare di Roma, Casa Santa Giacinta, 20 marzo 2021\" width=\"357\" height=\"210\" \/><\/a><\/div>\n<\/figure>\n<\/div>\n<p><strong>Don Ambarus \u00e8 nato<\/strong>\u00a0il 22 settembre 1974 a Somusca-Bacau (Romania). Dal 1990 al 1996 ha frequentato, nel suo Paese, il Seminario di Ia\u015fi e a partire dal novembre 1996 ha continuato la formazione nel Pontificio Seminario Romano Maggiore, dove ha ottenuto il Baccalaureato in Teologia, conseguendo poi la Licenza in Teologia Dogmatica alla Pontificia Universit\u00e0 Gregoriana di Roma (2001). Ordinato sacerdote per la diocesi di Ia\u015fi nel 2000, dal 2001 al 2007 ha esercitato il ministero sacerdotale a Roma, prima come educatore nel\u00a0<a href=\"http:\/\/www.seminarioromano.it\/\" target=\"_blank\" rel=\"noopener\">Pontificio Seminario Romano Maggiore<\/a>\u00a0(2001-2004) e poi come collaboratore nella parrocchia di San Frumenzio ai Prati Fiscali, dal 2004-2007. Nel 2007, poi, l\u2019incardinazione nella diocesi di Roma, dove \u00e8 stato prima vice parroco di San Frumenzio, dal 2007 al 2010, poi vice parroco di Santa Maria Causa Nostrae Laetitiae a Torre Gaia, fino al 2012. Nominato parroco dei Santi Elisabetta e Zaccaria a Valle Muricana \u2013 incarico che ha ricoperto fino a oggi -, nel 2017 \u00e8 diventato vice direttore della Caritas di Roma. L\u2019anno seguente la nomina a direttore.<\/p>\n<p><strong>\u00abVorrei potervi dire<\/strong>\u00a0che ora sono sereno \u2013 ha detto ancora dopo la nomina -. Ieri sera il mio cuore ha trovato la pace e la consolazione con queste parole: Non temere! Prendi con te la sposa! E anche: viene dallo Spirito Santo! Ecco \u2013 ha aggiunto \u2013 l\u2019unica mia forza e certezza \u00e8 la consapevolezza della mia debolezza: cinque pani e due pesci; il resto \u00e8 tutto del Signore! Ecco, con tutti i doni abbondanti vissuti, vivo la consapevolezza che si aggiunge grazia su grazia rispetto al ministero a cui sono chiamato\u00bb.<\/p>\n<figure id=\"attachment_82498\" class=\"wp-caption alignleft\" aria-describedby=\"caption-attachment-82498\"><a href=\"https:\/\/www.romasette.it\/wp-content\/uploads\/benoni-ambarus-vescovo-roma_05.jpg\" rel=\"prettyPhoto\"><img loading=\"lazy\" decoding=\"async\" class=\"wp-image-82498 size-full b-loaded\" src=\"https:\/\/www.romasette.it\/wp-content\/uploads\/benoni-ambarus-vescovo-roma_05.jpg\" sizes=\"auto, (max-width: 780px) 100vw, 780px\" srcset=\"https:\/\/www.romasette.it\/wp-content\/uploads\/benoni-ambarus-vescovo-roma_05.jpg 780w, https:\/\/www.romasette.it\/wp-content\/uploads\/benoni-ambarus-vescovo-roma_05-300x192.jpg 300w, https:\/\/www.romasette.it\/wp-content\/uploads\/benoni-ambarus-vescovo-roma_05-768x492.jpg 768w, https:\/\/www.romasette.it\/wp-content\/uploads\/benoni-ambarus-vescovo-roma_05-210x136.jpg 210w\" alt=\"Benoni Ambarus vescovo ausiliare di Roma, De Donatis, 20 marzo 2021\" width=\"780\" height=\"500\" \/><\/a><figcaption id=\"caption-attachment-82498\" class=\"wp-caption-text\">Benoni Ambarus vescovo (\u00a9photogennari)<\/figcaption><\/figure>\n<p><strong>A comunicare la<\/strong>\u00a0nomina, il cardinale vicario Angelo De Donatis, che ha illustrato la biografia di don Benoni Ambarus, inviato a Roma a studiare Teologia e poi coinvolto come educatore al Seminario Maggiore, subito dopo il 2000, fino alla scelta dell\u2019incardinazione e al servizio pastorale come vice parroco a San Frumenzio, dove \u00absi occupa dei ragazzi, dei giovani e delle famiglie, dell\u2019unit\u00e0 mobile di monitoraggio delle situazioni dei senza fissa dimora, dell\u2019unit\u00e0 di strada contro la tratta. Non \u00e8 facile per nessuno \u2013 \u00e8 la riflessione del vicario \u2013 incarnarsi in una realt\u00e0 umana ed ecclesiale diversa da quella del proprio Paese di origine. L\u2019esperienza personale ha reso don Ben molto sensibile alle condizioni di chi vive in mezzo a noi da immigrato in una terra straniera, alla ricerca di un lavoro e di una condizione stabile\u00bb. Una porzione \u00abenorme\u00bb, l\u2019ha definita il cardinale, degli abitanti di Roma: oltre mezzo milione di persone, pari al 12,8% della popolazione.<\/p>\n<p><strong>Nelle parole di De<\/strong>\u00a0Donatis, \u00abl\u2019episcopato di don Ben \u00e8 un segno concreto dell\u2019attenzione di Papa Francesco verso questa realt\u00e0 umana, in particolare verso le tante comunit\u00e0 cristiane cattoliche \u2013 sono pi\u00f9 di 150 \u2013 che ogni domenica si riuniscono con il loro cappellano per la celebrazione dell\u2019Eucaristia\u00bb. Le radici sono proprio nell\u2019esperienza del ministero in Caritas, nel quale il nuovo vescovo \u00abha messo a frutto la sua formazione ma soprattutto quella predisposizione a farsi vicino ai poveri, ad affermare la loro dignit\u00e0, a servirli con passione\u00bb, ha continuato il cardinale, riconoscendo a don Benoni Ambarus la capacit\u00e0 di una \u00ablettura costante della situazione sociale della nostra citt\u00e0 di Roma, in particolare in questo momento della storia, dove la crisi legata al\u00a0<a href=\"https:\/\/www.romasette.it\/tag\/coronavirus\/\">Covid<\/a>\u00a0ha esasperato la condizione degli \u201cscartati\u201d\u00bb. Il vicario del Papa non ha dubbi: \u00abIl compito che attende la Chiesa di Roma, in questo tempo, \u00e8 quello di annunciare con coraggio, con le parole e con le opere, il Vangelo della Carit\u00e0. Don Ben ci aiuter\u00e0 con il suo servizio a non \u201cdimenticarci mai dei poveri.<\/p>\n<p>&nbsp;<\/p>\n<p>Fonte:<a href=\"https:\/\/www.romasette.it\">\u00a0https:\/\/www.romasette.it\u00a0 di\u00a0<\/a><a class=\"post-author-a post-author-avatar\" title=\"Sfoglia Autore Articoli\" href=\"https:\/\/www.romasette.it\/author\/federica-cifelli\/\"><span class=\"post-author-name\"><b>Federica Cifelli<\/b><\/span><\/a>.<\/p>\n","protected":false},"excerpt":{"rendered":"<p>\u00c8 don Benoni Ambarus, finora direttore della Caritas diocesana. Originario della Romania, il nuovo vescovo, 46 anni, presbitero dal 2000, \u00e8 stato incardinato nella diocesi di Roma nel 2007.\u00a0 Papa <a href=\"https:\/\/www.diocesidiroma.it\/universita\/index.php\/la-diocesi-di-roma-ha-un-nuovo-vescovo-ausiliare\/\"> Read more&#8230;<\/a><\/p>\n","protected":false},"author":11,"featured_media":2828,"comment_status":"closed","ping_status":"closed","sticky":false,"template":"","format":"standard","meta":{"footnotes":""},"categories":[1],"tags":[],"class_list":["post-2826","post","type-post","status-publish","format-standard","has-post-thumbnail","hentry","category-news"],"acf":[],"_links":{"self":[{"href":"https:\/\/www.diocesidiroma.it\/universita\/index.php\/wp-json\/wp\/v2\/posts\/2826","targetHints":{"allow":["GET"]}}],"collection":[{"href":"https:\/\/www.diocesidiroma.it\/universita\/index.php\/wp-json\/wp\/v2\/posts"}],"about":[{"href":"https:\/\/www.diocesidiroma.it\/universita\/index.php\/wp-json\/wp\/v2\/types\/post"}],"author":[{"embeddable":true,"href":"https:\/\/www.diocesidiroma.it\/universita\/index.php\/wp-json\/wp\/v2\/users\/11"}],"replies":[{"embeddable":true,"href":"https:\/\/www.diocesidiroma.it\/universita\/index.php\/wp-json\/wp\/v2\/comments?post=2826"}],"version-history":[{"count":2,"href":"https:\/\/www.diocesidiroma.it\/universita\/index.php\/wp-json\/wp\/v2\/posts\/2826\/revisions"}],"predecessor-version":[{"id":2829,"href":"https:\/\/www.diocesidiroma.it\/universita\/index.php\/wp-json\/wp\/v2\/posts\/2826\/revisions\/2829"}],"wp:featuredmedia":[{"embeddable":true,"href":"https:\/\/www.diocesidiroma.it\/universita\/index.php\/wp-json\/wp\/v2\/media\/2828"}],"wp:attachment":[{"href":"https:\/\/www.diocesidiroma.it\/universita\/index.php\/wp-json\/wp\/v2\/media?parent=2826"}],"wp:term":[{"taxonomy":"category","embeddable":true,"href":"https:\/\/www.diocesidiroma.it\/universita\/index.php\/wp-json\/wp\/v2\/categories?post=2826"},{"taxonomy":"post_tag","embeddable":true,"href":"https:\/\/www.diocesidiroma.it\/universita\/index.php\/wp-json\/wp\/v2\/tags?post=2826"}],"curies":[{"name":"wp","href":"https:\/\/api.w.org\/{rel}","templated":true}]}}