{"id":2968,"date":"2021-09-22T12:54:13","date_gmt":"2021-09-22T10:54:13","guid":{"rendered":"https:\/\/www.diocesidiroma.it\/culturaeuniversita\/?p=2968"},"modified":"2022-10-11T10:52:32","modified_gmt":"2022-10-11T08:52:32","slug":"ascoltate-lo-spirito-santo-ascoltandovi-messaggio-del-papa-alla-diocesi-di-roma","status":"publish","type":"post","link":"https:\/\/www.diocesidiroma.it\/universita\/index.php\/ascoltate-lo-spirito-santo-ascoltandovi-messaggio-del-papa-alla-diocesi-di-roma\/","title":{"rendered":"&#8220;Ascoltate lo Spirito Santo ascoltandovi&#8221;: Messaggio del papa alla diocesi di Roma"},"content":{"rendered":"<p>Ascoltarsi gli uni con gli altri e ascoltare lo Spirito Santo: ecco l\u2019imperativo che <strong>Papa Francesco<\/strong> lascia alla diocesi di Roma, nell\u2019udienza generale di oggi, <strong>sabato 18 settembre<\/strong>. \u00abSono venuto qui per incoraggiarvi a prendere sul serio questo processo sinodale \u2013 ha detto il Santo Padre \u2013 e a dirvi che lo Spirito Santo ha bisogno di voi. Ascoltatelo ascoltandovi. Non lasciate fuori o indietro nessuno. Far\u00e0 bene alla diocesi di Roma e a tutta la Chiesa, che non si rafforza solo riformando le strutture, dando istruzioni, offrendo ritiri e conferenze, o a forza di direttive e programmi, ma se riscoprir\u00e0 di essere popolo che vuole camminare insieme, tra di noi e con l\u2019umanit\u00e0. Un popolo, quello di Roma, che contiene la variet\u00e0 di tutti i popoli e di tutte le condizioni: che straordinaria ricchezza, nella sua complessit\u00e0! In questo tempo di pandemia, il Signore spinge la missione di una Chiesa che sia sacramento di cura. Il mondo ha elevato il suo grido, ha manifestato la sua vulnerabilit\u00e0: ha bisogno di cura. Coraggio, e grazie!\u00bb<\/p>\n<p><strong>Nell\u2019Aula Paola VI<\/strong>, questa mattina, c\u2019erano pi\u00f9 di 2.500 persone tra sacerdoti, religiosi, laici. L\u2019incontro \u00e8 stato aperto da un momento di preghiera, animato dal <strong>Coro della Diocesi di Roma diretto da monsignor Marco Frisina<\/strong>. Quindi il saluto del cardinale vicario <strong>Angelo De Donatis<\/strong>: \u00abSiamo felici di poterla incontrare, siamo contentissimi!\u00bb. Nella prima parte della mattinata, anche la testimonianza di due laici del quartiere di<strong> Torre Spaccata<\/strong> \u2013 Angela Marzuillo e Federico Mattia \u2013 dove le due parrocchia di San Bonaventura da Bagnoregio e Santa Maria Regina Mundi hanno \u00abiniziato insieme un processo di lettura del territorio, e si trovano insieme ad affrontare i temi pi\u00f9 sensibili del quartiere, come la povert\u00e0, gli anziani e la mancanza dei servizi essenziali\u00bb. Un esempio di sinodalit\u00e0 e di comunione, che si \u00e8 allargato anche a scuole, associazioni e altre realt\u00e0 del territorio, dando vita a \u201cLa Rete\u201d. \u00abLa Rete si muove compatta e le istituzioni stesse ci ringraziano, perch\u00e9 in noi trovano un interlocutore rappresentativo di una intera cittadinanza\u00bb, hanno sottolineato.<\/p>\n<p><img loading=\"lazy\" decoding=\"async\" class=\"alignnone size-medium wp-image-17934\" src=\"https:\/\/www.diocesidiroma.it\/wp-content\/uploads\/2021\/09\/gallery2-300x175.jpg\" sizes=\"auto, (max-width: 300px) 100vw, 300px\" alt=\"\" width=\"300\" height=\"175\" \/> <img loading=\"lazy\" decoding=\"async\" class=\"alignnone size-medium wp-image-17935\" src=\"https:\/\/www.diocesidiroma.it\/wp-content\/uploads\/2021\/09\/gallery1-300x175.jpg\" sizes=\"auto, (max-width: 300px) 100vw, 300px\" alt=\"\" width=\"300\" height=\"175\" \/><\/p>\n<p>Sulla<strong> sinodalit\u00e0<\/strong> si \u00e8 concentrato Papa Francesco nel suo intervento. \u00abIl tema della sinodalit\u00e0 non \u00e8 il capitolo di un trattato di ecclesiologia \u2013 ha sottolineato infatti \u2013 , e tanto meno una moda, uno slogan o il nuovo termine da usare o strumentalizzare nei nostri incontri. No! La sinodalit\u00e0 esprime la natura della Chiesa, la sua forma, il suo stile, la sua missione. E quindi parliamo di Chiesa sinodale, evitando, per\u00f2, di considerare che sia un titolo tra altri, un modo di pensarla che preveda alternative\u00bb. Ancora, ha proseguito, \u00abnon possiamo capire la \u201ccattolicit\u00e0\u201d senza riferirci a questo campo largo, ospitale, che non segna mai i confini. Essere Chiesa \u00e8 un cammino per entrare in questa ampiezza di Dio\u00bb.<\/p>\n<p>Chiesa sinodale significa \u00abChiesa sacramento di questa promessa \u2013 ha rimarcato il Pontefice \u2013, che si manifesta coltivando l\u2019intimit\u00e0 con lo Spirito e con il mondo che verr\u00e0. Ci saranno sempre discussioni, ma le soluzioni vanno ricercate dando la parola a Dio e alle sue voci in mezzo a noi; pregando e aprendo gli occhi a tutto ci\u00f2 che ci circonda; praticando una vita fedele al Vangelo; interrogando la Rivelazione secondo un\u2019ermeneutica pellegrina che sa custodire il cammino cominciato negli Atti degli Apostoli. Diversamente si umilierebbe lo Spirito Santo\u00bb.<\/p>\n<p><img loading=\"lazy\" decoding=\"async\" class=\"alignnone size-medium wp-image-17938\" src=\"https:\/\/www.diocesidiroma.it\/wp-content\/uploads\/2021\/09\/gallery1-1-300x175.jpg\" sizes=\"auto, (max-width: 300px) 100vw, 300px\" alt=\"\" width=\"300\" height=\"175\" \/> <img loading=\"lazy\" decoding=\"async\" class=\"alignnone size-medium wp-image-17939\" src=\"https:\/\/www.diocesidiroma.it\/wp-content\/uploads\/2021\/09\/gallery2-1-300x175.jpg\" sizes=\"auto, (max-width: 300px) 100vw, 300px\" alt=\"\" width=\"300\" height=\"175\" \/><\/p>\n<p>Tornando al processo sinodale, ha proseguito, \u00abla fase diocesana \u00e8 molto importante, perch\u00e9 realizza l\u2019ascolto della totalit\u00e0 dei battezzati, soggetto del sensus fidei infallibile in credendo. Ci sono molte resistenze a superare l\u2019immagine di una Chiesa rigidamente distinta tra capi e subalterni, tra chi insegna e chi deve imparare, dimenticando che a Dio piace ribaltare le posizioni: \u00abHa rovesciato i potenti dai troni, ha innalzato gli umili\u00bb (Lc 1,52). Camminare insieme scopre come sua linea piuttosto l\u2019orizzontalit\u00e0 che la verticalit\u00e0. La Chiesa sinodale ripristina l\u2019orizzonte da cui sorge il sole Cristo: innalzare monumenti gerarchici vuol dire coprirlo. I pastori camminano con il popolo, a volte davanti, a volte in mezzo, a volte dietro. Davanti per guidare, in mezzo per incoraggiare e non dimenticare l\u2019odore del gregge, dietro perch\u00e9 il popolo ha \u201cfiuto\u201d. Ha fiuto nel trovare nuove vie per il cammino, o per ritrovare la strada smarrita\u00bb.<\/p>\n<p>Fonte:\u00a0https:\/\/www.diocesidiroma.it\/il-papa-alla-diocesi-di-roma-ascoltate-lo-spirito-santo-ascoltandovi\/ (18 settembre 2021)<\/p>\n<p><a href=\"https:\/\/www.diocesidiroma.it\/archivio\/2021\/diocesi\/Udienza_di_Papa_Francesco_alla_diocesi_di_Roma_doc_942.pdf\">L\u2019intervento integrale del Santo Padre<\/a><\/p>\n","protected":false},"excerpt":{"rendered":"<p>Ascoltarsi gli uni con gli altri e ascoltare lo Spirito Santo: ecco l\u2019imperativo che Papa Francesco lascia alla diocesi di Roma, nell\u2019udienza generale di oggi, sabato 18 settembre. \u00abSono venuto <a href=\"https:\/\/www.diocesidiroma.it\/universita\/index.php\/ascoltate-lo-spirito-santo-ascoltandovi-messaggio-del-papa-alla-diocesi-di-roma\/\"> Read more&#8230;<\/a><\/p>\n","protected":false},"author":11,"featured_media":2969,"comment_status":"closed","ping_status":"closed","sticky":false,"template":"","format":"standard","meta":{"footnotes":""},"categories":[1],"tags":[],"class_list":["post-2968","post","type-post","status-publish","format-standard","has-post-thumbnail","hentry","category-news"],"acf":[],"_links":{"self":[{"href":"https:\/\/www.diocesidiroma.it\/universita\/index.php\/wp-json\/wp\/v2\/posts\/2968","targetHints":{"allow":["GET"]}}],"collection":[{"href":"https:\/\/www.diocesidiroma.it\/universita\/index.php\/wp-json\/wp\/v2\/posts"}],"about":[{"href":"https:\/\/www.diocesidiroma.it\/universita\/index.php\/wp-json\/wp\/v2\/types\/post"}],"author":[{"embeddable":true,"href":"https:\/\/www.diocesidiroma.it\/universita\/index.php\/wp-json\/wp\/v2\/users\/11"}],"replies":[{"embeddable":true,"href":"https:\/\/www.diocesidiroma.it\/universita\/index.php\/wp-json\/wp\/v2\/comments?post=2968"}],"version-history":[{"count":2,"href":"https:\/\/www.diocesidiroma.it\/universita\/index.php\/wp-json\/wp\/v2\/posts\/2968\/revisions"}],"predecessor-version":[{"id":3301,"href":"https:\/\/www.diocesidiroma.it\/universita\/index.php\/wp-json\/wp\/v2\/posts\/2968\/revisions\/3301"}],"wp:featuredmedia":[{"embeddable":true,"href":"https:\/\/www.diocesidiroma.it\/universita\/index.php\/wp-json\/wp\/v2\/media\/2969"}],"wp:attachment":[{"href":"https:\/\/www.diocesidiroma.it\/universita\/index.php\/wp-json\/wp\/v2\/media?parent=2968"}],"wp:term":[{"taxonomy":"category","embeddable":true,"href":"https:\/\/www.diocesidiroma.it\/universita\/index.php\/wp-json\/wp\/v2\/categories?post=2968"},{"taxonomy":"post_tag","embeddable":true,"href":"https:\/\/www.diocesidiroma.it\/universita\/index.php\/wp-json\/wp\/v2\/tags?post=2968"}],"curies":[{"name":"wp","href":"https:\/\/api.w.org\/{rel}","templated":true}]}}