{"id":3008,"date":"2021-11-09T13:44:29","date_gmt":"2021-11-09T12:44:29","guid":{"rendered":"https:\/\/www.diocesidiroma.it\/culturaeuniversita\/?p=3008"},"modified":"2021-11-23T12:49:14","modified_gmt":"2021-11-23T11:49:14","slug":"corso-per-le-guide-roma-nel-cuore-del-rinascimento","status":"publish","type":"post","link":"https:\/\/www.diocesidiroma.it\/universita\/index.php\/corso-per-le-guide-roma-nel-cuore-del-rinascimento\/","title":{"rendered":"Corso per le guide &#8220;Roma nel cuore del Rinascimento&#8221;"},"content":{"rendered":"<div dir=\"auto\"><\/div>\n<div dir=\"auto\">*<img loading=\"lazy\" decoding=\"async\" class=\"alignnone size-medium wp-image-3009\" src=\"https:\/\/www.diocesidiroma.it\/culturaeuniversita\/wp-content\/uploads\/2021\/11\/254539555_1687150991490222_5112891086944031173_n-206x300.jpg\" alt=\"\" width=\"206\" height=\"300\" srcset=\"https:\/\/www.diocesidiroma.it\/universita\/wp-content\/uploads\/2021\/11\/254539555_1687150991490222_5112891086944031173_n-206x300.jpg 206w, https:\/\/www.diocesidiroma.it\/universita\/wp-content\/uploads\/2021\/11\/254539555_1687150991490222_5112891086944031173_n.jpg 526w\" sizes=\"auto, (max-width: 206px) 100vw, 206px\" \/><\/div>\n<div dir=\"auto\">Marted\u00ec 16 novembre partir\u00e0 l&#8217;edizione 2021 del corso per guide turistiche &#8220;Arte nelle chiese&#8221;, che quest&#8217;anno avr\u00e0 come tema &#8220;Roma nel cuore del Rinascimento&#8221;.<\/div>\n<div dir=\"auto\">Scarica il<a href=\"https:\/\/drive.google.com\/file\/d\/1fc1yWeeHddWwIg3mYeezA5DXS1RAt00E\/view?usp=sharing\">\u00a0modulo d&#8217;iscrizione<\/a><\/div>\n","protected":false},"excerpt":{"rendered":"<p>* Marted\u00ec 16 novembre partir\u00e0 l&#8217;edizione 2021 del corso per guide turistiche &#8220;Arte nelle chiese&#8221;, che quest&#8217;anno avr\u00e0 come tema &#8220;Roma nel cuore del Rinascimento&#8221;. Scarica il\u00a0modulo d&#8217;iscrizione<\/p>\n","protected":false},"author":11,"featured_media":3011,"comment_status":"closed","ping_status":"closed","sticky":false,"template":"","format":"standard","meta":{"footnotes":""},"categories":[1],"tags":[],"class_list":["post-3008","post","type-post","status-publish","format-standard","has-post-thumbnail","hentry","category-news"],"acf":[],"_links":{"self":[{"href":"https:\/\/www.diocesidiroma.it\/universita\/index.php\/wp-json\/wp\/v2\/posts\/3008","targetHints":{"allow":["GET"]}}],"collection":[{"href":"https:\/\/www.diocesidiroma.it\/universita\/index.php\/wp-json\/wp\/v2\/posts"}],"about":[{"href":"https:\/\/www.diocesidiroma.it\/universita\/index.php\/wp-json\/wp\/v2\/types\/post"}],"author":[{"embeddable":true,"href":"https:\/\/www.diocesidiroma.it\/universita\/index.php\/wp-json\/wp\/v2\/users\/11"}],"replies":[{"embeddable":true,"href":"https:\/\/www.diocesidiroma.it\/universita\/index.php\/wp-json\/wp\/v2\/comments?post=3008"}],"version-history":[{"count":6,"href":"https:\/\/www.diocesidiroma.it\/universita\/index.php\/wp-json\/wp\/v2\/posts\/3008\/revisions"}],"predecessor-version":[{"id":3020,"href":"https:\/\/www.diocesidiroma.it\/universita\/index.php\/wp-json\/wp\/v2\/posts\/3008\/revisions\/3020"}],"wp:featuredmedia":[{"embeddable":true,"href":"https:\/\/www.diocesidiroma.it\/universita\/index.php\/wp-json\/wp\/v2\/media\/3011"}],"wp:attachment":[{"href":"https:\/\/www.diocesidiroma.it\/universita\/index.php\/wp-json\/wp\/v2\/media?parent=3008"}],"wp:term":[{"taxonomy":"category","embeddable":true,"href":"https:\/\/www.diocesidiroma.it\/universita\/index.php\/wp-json\/wp\/v2\/categories?post=3008"},{"taxonomy":"post_tag","embeddable":true,"href":"https:\/\/www.diocesidiroma.it\/universita\/index.php\/wp-json\/wp\/v2\/tags?post=3008"}],"curies":[{"name":"wp","href":"https:\/\/api.w.org\/{rel}","templated":true}]}}