{"id":3231,"date":"2022-05-30T09:54:22","date_gmt":"2022-05-30T07:54:22","guid":{"rendered":"https:\/\/www.diocesidiroma.it\/culturaeuniversita\/?p=3231"},"modified":"2022-09-27T11:24:17","modified_gmt":"2022-09-27T09:24:17","slug":"tre-nuovi-vescovi-ausiliari-per-la-diocesi-di-roma","status":"publish","type":"post","link":"https:\/\/www.diocesidiroma.it\/universita\/index.php\/tre-nuovi-vescovi-ausiliari-per-la-diocesi-di-roma\/","title":{"rendered":"Tre nuovi vescovi ausiliari per la diocesi di Roma"},"content":{"rendered":"<p>&nbsp;<\/p>\n<p>&nbsp;<\/p>\n<p>&nbsp;<\/p>\n<p>&nbsp;<\/p>\n<p>&nbsp;<\/p>\n<p>&nbsp;<\/p>\n<p>Il Santo Padre Francesco ha nominato tre nuovi vescovi ausiliari per la diocesi di Roma:\u00a0<strong>Riccardo Lamba<\/strong>,\u00a0<strong>Baldassare Reina<\/strong>\u00a0e\u00a0<strong>Daniela Salera<\/strong>. Il cardinale\u00a0<strong>Angelo De Donatis<\/strong>, vicario generale di Sua Santit\u00e0 per la diocesi di Roma, ha dato l\u2019annuncio della nomina del Pontefice alle 12 di oggi (venerd\u00ec 27 maggio 2022), nell\u2019Aula della Conciliazione del Palazzo Apostolico del Laterano, sede del Vicariato di Roma, in contemporanea con la Sala Stampa della Santa Sede. Erano presenti i vescovi ausiliari della diocesi, i parroci prefetti con molti sacerdoti e il personale del Vicariato di Roma. I tre sacerdoti saranno ordinati vescovi il prossimo 29 giugno, nel pomeriggio.<\/p>\n<p>Don\u00a0<strong>Riccardo Lamba<\/strong>\u00a0\u00e8 parroco di San Ponziano dal 2018. Nato a Caracas, in Venezuela, il 30 novembre 1956, si \u00e8 poi trasferito a Roma con la famiglia. Dopo la laurea in medicina, \u00e8 entrato al Pontificio Seminario Romano Maggiore ed \u00e8 stato ordinato presbitero per la diocesi di Roma il 6 maggio 1989. A lungo impegnato nella pastorale vocazionale, qualificandosi attraverso il baccalaureato e poi la licenza in Psicologia alla Pontificia Universit\u00e0 Gregoriana. Tra i vari incarichi ricoperti, ricordiamo quello di assistente nel Pontificio Seminario Romano Maggiore (1989-1991); assistente spirituale della Facolt\u00e0 di Medicina e Chirurgia dell\u2019Universit\u00e0 Cattolica del Sacro Cuore (1991-2000); parroco a Sant\u2019Anselmo alla Cecchignola (2000-2002); parroco di Ges\u00f9 Divino Lavoratore (2002-2018); e infine, come detto, parroco di San Ponziano. \u00abSono stato prete con grande entusiasmo, e adesso mi aspetta questa nuova realt\u00e0. Confido nella grazia di Dio, nell\u2019aiuto reciproco e nella comunione tra di noi \u2013 ha detto don Lamba \u2013. Sar\u00e0 un cammino bello, di gioia\u00bb.<\/p>\n<p>Appartiene al clero di Agrigento don\u00a0<strong>Baldassare Reina<\/strong>. Originario di San Giovanni Gemini (Agrigento), dove \u00e8 nato il 26 novembre 1970, \u00e8 entrato in seminario nel 1981. Nel 1995 ha conseguito il baccellierato in Sacra Teologia e nel 1998 la licenza in Teologia Biblica presso la Pontificia Universit\u00e0 Gregoriana a Roma; \u00e8 stato ordinato sacerdote l\u20198 settembre 1995. Numerosi gli incarichi ricoperto nell\u2019arcidiocesi di Agrigento: da assistente diocesano dell\u2019Azione cattolica (1998-2001) a vicerettore del Seminario diocesano (1999-2001). Ancora, \u00e8 stato parroco della Beata Vergine Maria dell\u2019Itria di Favara dal 2001 al 2003; quindi, fino al 2009, prefetto degli studi dello Studio teologico San Gregorio Agrigentino. Dal 2009 al 2013 \u00e8 stato vicario episcopale per la Pastorale e parroco di San Leone di Agrigento. Dal 2013 \u00e8 stato rettore del Seminario Maggiore di Agrigento e attualmente presta servizio presso la Congregazione per il Clero. \u00abMi inserisco in una storia, quella della vostra diocesi, che non conosco, in un momento di particolare grazia per la Chiesa, che \u00e8 quello del cammino sinodale. Inizio quindi anche io con il mettermi in ascolto\u00bb, ha commentato don Reina, che ha voluto affidarsi in particolare \u00aba un sacerdote siciliano, il Beato Pino Puglisi\u00bb.<\/p>\n<p>Don\u00a0<strong>Daniele Salera<\/strong>\u00a0\u00e8 attualmente parroco di San Frumenzio ai Prati Fiscali, nonch\u00e9 assistente ecclesiastico presso la zona Centro Urbis dell\u2019Agesci. Nato il 23 luglio 1970 a Roma, si \u00e8 formato nel mondo dello scoutismo. Dopo aver frequentato il Seminario Romano \u00e8 stato ordinato presbitero il 21 aprile 2002. Laureato in sociologia alla Sapienza di Roma, ha conseguito la licenza in Teologia Spirituale e ha frequentato il corso di Scienze della Formazioni per Formatori presso l\u2019Isfo, affiliato alla Pontificia Universit\u00e0 Gregoriana. Nel corso del suo ministero sacerdotale, \u00e8 stato vicario parrocchiale a Santa Maria Madre del Redentore a Tor Bella Monaca (2002-2008); docente di religione cattolica; educatore presso il Seminario Romano Maggiore (2008-2014); incaricato presso l\u2019Ufficio catechistico diocesano (2008-2014); vicerettore del Seminario Romano Maggiore (2014-2016). Per don Salera la nomina episcopale coincide con il ventesimo anniversario di ordinazione presbiterale: \u00abSar\u00e0 bello ricevere l\u2019ordinazione in tre, un invito a mettere da parte i personalismi e un bel segno di comunione, che rende lieve la vita. Abbiamo tutti bisogno di leggerezza e di sorrisi\u00bb.<\/p>\n<p>30 maggio 2022<\/p>\n<p>fonte: https:\/\/www.diocesidiroma.it\/papa-francesco-ha-nominato-tre-nuovi-vescovi-ausiliari-per-la-diocesi-di-roma-riccardo-lamba-baldassare-reina-e-daniele-salera\/<\/p>\n","protected":false},"excerpt":{"rendered":"<p>Il Santo Padre Francesco ha nominato tre nuovi vescovi ausiliari per la diocesi di Roma:\u00a0Riccardo Lamba,\u00a0Baldassare Reina\u00a0e\u00a0Daniela Salera.<\/p>\n","protected":false},"author":11,"featured_media":3233,"comment_status":"closed","ping_status":"closed","sticky":false,"template":"","format":"standard","meta":{"footnotes":""},"categories":[67,1],"tags":[],"class_list":["post-3231","post","type-post","status-publish","format-standard","has-post-thumbnail","hentry","category-archivio-eventi","category-news"],"acf":[],"_links":{"self":[{"href":"https:\/\/www.diocesidiroma.it\/universita\/index.php\/wp-json\/wp\/v2\/posts\/3231","targetHints":{"allow":["GET"]}}],"collection":[{"href":"https:\/\/www.diocesidiroma.it\/universita\/index.php\/wp-json\/wp\/v2\/posts"}],"about":[{"href":"https:\/\/www.diocesidiroma.it\/universita\/index.php\/wp-json\/wp\/v2\/types\/post"}],"author":[{"embeddable":true,"href":"https:\/\/www.diocesidiroma.it\/universita\/index.php\/wp-json\/wp\/v2\/users\/11"}],"replies":[{"embeddable":true,"href":"https:\/\/www.diocesidiroma.it\/universita\/index.php\/wp-json\/wp\/v2\/comments?post=3231"}],"version-history":[{"count":7,"href":"https:\/\/www.diocesidiroma.it\/universita\/index.php\/wp-json\/wp\/v2\/posts\/3231\/revisions"}],"predecessor-version":[{"id":3241,"href":"https:\/\/www.diocesidiroma.it\/universita\/index.php\/wp-json\/wp\/v2\/posts\/3231\/revisions\/3241"}],"wp:featuredmedia":[{"embeddable":true,"href":"https:\/\/www.diocesidiroma.it\/universita\/index.php\/wp-json\/wp\/v2\/media\/3233"}],"wp:attachment":[{"href":"https:\/\/www.diocesidiroma.it\/universita\/index.php\/wp-json\/wp\/v2\/media?parent=3231"}],"wp:term":[{"taxonomy":"category","embeddable":true,"href":"https:\/\/www.diocesidiroma.it\/universita\/index.php\/wp-json\/wp\/v2\/categories?post=3231"},{"taxonomy":"post_tag","embeddable":true,"href":"https:\/\/www.diocesidiroma.it\/universita\/index.php\/wp-json\/wp\/v2\/tags?post=3231"}],"curies":[{"name":"wp","href":"https:\/\/api.w.org\/{rel}","templated":true}]}}